{"id":841,"date":"2020-03-02T17:16:20","date_gmt":"2020-03-02T16:16:20","guid":{"rendered":"https:\/\/la-freelancerie.fr\/fr\/?p=841"},"modified":"2020-03-05T11:41:10","modified_gmt":"2020-03-05T10:41:10","slug":"lancement-du-collectif-la-freelancerie","status":"publish","type":"post","link":"https:\/\/la-freelancerie.fr\/fr\/2020\/03\/02\/lancement-du-collectif-la-freelancerie\/","title":{"rendered":"\/\/ Lancement du collectif LA FREELANCERIE"},"content":{"rendered":"<div class='avia-iframe-wrap'><iframe loading=\"lazy\" width=\"1500\" height=\"844\" src=\"https:\/\/www.youtube.com\/embed\/kvGimmpHUF8?feature=oembed\" frameborder=\"0\" allow=\"accelerometer; autoplay; encrypted-media; gyroscope; picture-in-picture\" allowfullscreen><\/iframe><\/div>\n<h1><span style=\"font-size: 18pt; font-family: Helvetica;\">\/\/ Lancement de LA FREELANCERIE<\/span><\/h1>\n<p><span style=\"font-size: 12pt; font-family: Helvetica;\">Naissance d\u2019une nouvelle communication, cr\u00e9ation d\u2019un nouveau collectif et d\u00e9but d\u2019une belle aventure.<\/span><\/p>\n<h2><span style=\"font-size: 14pt; font-family: Helvetica;\">\u2192 Qu\u2019est-ce que la Freelancerie ?<\/span><\/h2>\n<p><span style=\"font-size: 12pt; font-family: Helvetica;\">Il y a des hommes et des femmes qui ont fait de leur passion, un emploi.<\/span><br \/>\n<span style=\"font-size: 12pt; font-family: Helvetica;\">Nous pensons que chacun devrait avoir le droit de vivre de sa passion.<\/span><br \/>\n<span style=\"font-size: 12pt; font-family: Helvetica;\">En tant que Freelances dans le secteur de la communication, l\u2019id\u00e9e est de regrouper des passionn\u00e9s pour en former un collectif !<\/span><br \/>\n<span style=\"font-size: 12pt; font-family: Helvetica;\"><a href=\"https:\/\/la-freelancerie.fr\/fr\/philosophie\/\">En savoir plus<\/a><\/span><\/p>\n<h2><span style=\"font-size: 14pt; font-family: Helvetica;\">\u2192 Pourquoi la Freelancerie ?<\/span><\/h2>\n<p><span style=\"font-size: 12pt; font-family: Helvetica;\">La cr\u00e9ation d\u2019un collectif de Freelances de confiance vient de notre volont\u00e9 d\u2019aider d\u2019autres entrepreneurs \u00e0 r\u00e9aliser leur r\u00eave entrepreneurial en leur offrant la meilleure communication possible au prix le plus juste.<\/span><\/p>\n<h2><span style=\"font-size: 14pt; font-family: Helvetica;\">\u2192 Les valeurs de La Freelancerie ?<\/span><\/h2>\n<p><span style=\"font-size: 12pt; font-family: Helvetica;\">Chaque membre du collectif partage les m\u00eames valeurs : \u00ab\u00a0Donner et Recevoir\u00a0\u00bb. Ce qui nous caract\u00e9rise ? Notre bienveillance.<\/span><br \/>\n<span style=\"font-size: 12pt; font-family: Helvetica;\">Nous venons tous de la r\u00e9gion Pays de la Loire, c&rsquo;est pourquoi notre collectif rayonnera \u00e0 proximit\u00e9 de vous, dans les d\u00e9partements : Vend\u00e9e, Loire-Atlantique, Maine et Loire et \u00cele et Vilaine.<\/span><br \/>\n<span style=\"font-size: 12pt; font-family: Helvetica;\"><a href=\"https:\/\/la-freelancerie.fr\/fr\/avantages\/\">En savoir plus<\/a><\/span><\/p>\n<p><span style=\"font-size: 12pt; font-family: Helvetica;\"><strong>Le savoir-faire :<\/strong><\/span><br \/>\n<span style=\"font-size: 12pt; font-family: Helvetica;\">&#8211; La cr\u00e9ation de site internet (Vitrine, E-commerce, \u2026)<\/span><br \/>\n<span style=\"font-size: 12pt; font-family: Helvetica;\">&#8211; La cr\u00e9ation graphique (Identit\u00e9 visuelle, logo, flyer, \u2026)<\/span><br \/>\n<span style=\"font-size: 12pt; font-family: Helvetica;\">&#8211; Le webmarketing (R\u00e9f\u00e9rencement SEO\/SEA, r\u00e9seaux sociaux, \u2026)<\/span><br \/>\n<span style=\"font-size: 12pt; font-family: Helvetica;\">&#8211; La r\u00e9alisation vid\u00e9o<\/span><br \/>\n<span style=\"font-size: 12pt; font-family: Helvetica;\">&#8211; La photographie<\/span><br \/>\n<span style=\"font-size: 12pt; font-family: Helvetica;\">&#8211; La formation<\/span><br \/>\n<span style=\"font-size: 12pt; font-family: Helvetica;\">&#8211; Les impressions tout support (Print, objet, textile, \u2026)<\/span><br \/>\n<span style=\"font-size: 12pt; font-family: Helvetica;\"><a href=\"https:\/\/la-freelancerie.fr\/fr\/savoir-faire\/\">En savoir plus<\/a><\/span><\/p>\n<p><span style=\"font-size: 12pt; font-family: Helvetica;\">Notre page <a href=\"https:\/\/www.facebook.com\/lafreelancerie\">Facebook<\/a> &amp; notre page <a href=\"https:\/\/www.linkedin.com\/company\/37060186\">LinkedIn\u00a0<\/a><\/span><\/p>\n<p>&nbsp;<\/p>\n","protected":false},"excerpt":{"rendered":"<p>\/\/ Lancement de LA FREELANCERIE Naissance d\u2019une nouvelle communication, cr\u00e9ation d\u2019un nouveau collectif et d\u00e9but d\u2019une belle aventure. \u2192 Qu\u2019est-ce que la Freelancerie ? Il y a des hommes et des femmes qui ont fait de leur passion, un emploi. Nous pensons que chacun devrait avoir le droit de vivre de sa passion. En tant [&hellip;]<\/p>\n","protected":false},"author":1,"featured_media":848,"comment_status":"closed","ping_status":"closed","sticky":false,"template":"","format":"standard","meta":{"footnotes":""},"categories":[9],"tags":[],"yoast_head":"<!-- This site is optimized with the Yoast SEO plugin v22.4 - https:\/\/yoast.com\/wordpress\/plugins\/seo\/ -->\n<title>\/\/ Lancement du collectif LA FREELANCERIE - Collectif en communication<\/title>\n<meta name=\"description\" content=\"Lancement du collectif LA FREELANCERIE - Collectif de Freelances de confiances - Pays de la Loire - La Roche sur Yon, Nantes, Pornic, Rennes, Angers, Cholet\" \/>\n<meta name=\"robots\" content=\"index, follow, max-snippet:-1, max-image-preview:large, max-video-preview:-1\" \/>\n<link rel=\"canonical\" href=\"https:\/\/la-freelancerie.fr\/2020\/03\/02\/lancement-du-collectif-la-freelancerie\/\" \/>\n<meta property=\"og:locale\" content=\"fr_FR\" \/>\n<meta property=\"og:type\" content=\"article\" \/>\n<meta property=\"og:title\" content=\"\/\/ Lancement du collectif LA FREELANCERIE - Collectif en communication\" \/>\n<meta property=\"og:description\" content=\"Lancement du collectif LA FREELANCERIE - Collectif de Freelances de confiances - Pays de la Loire - La Roche sur Yon, Nantes, Pornic, Rennes, Angers, Cholet\" \/>\n<meta property=\"og:url\" content=\"https:\/\/la-freelancerie.fr\/2020\/03\/02\/lancement-du-collectif-la-freelancerie\/\" \/>\n<meta property=\"og:site_name\" content=\"LA FREELANCERIE\" \/>\n<meta property=\"article:published_time\" content=\"2020-03-02T16:16:20+00:00\" \/>\n<meta property=\"article:modified_time\" content=\"2020-03-05T10:41:10+00:00\" \/>\n<meta property=\"og:image\" content=\"https:\/\/la-freelancerie.fr\/wp-content\/uploads\/2020\/03\/lancement-la-freelancerie-collectif-communication-nantes-larochesuryon-cholet-angers-rennes.jpg\" \/>\n\t<meta property=\"og:image:width\" content=\"840\" \/>\n\t<meta property=\"og:image:height\" content=\"320\" \/>\n\t<meta property=\"og:image:type\" content=\"image\/jpeg\" \/>\n<meta name=\"author\" content=\"LA FREELANCERIE\" \/>\n<meta name=\"twitter:card\" content=\"summary_large_image\" \/>\n<meta name=\"twitter:label1\" content=\"\u00c9crit par\" \/>\n\t<meta name=\"twitter:data1\" content=\"LA FREELANCERIE\" \/>\n\t<meta name=\"twitter:label2\" content=\"Dur\u00e9e de lecture estim\u00e9e\" \/>\n\t<meta name=\"twitter:data2\" content=\"1 minute\" \/>\n<script type=\"application\/ld+json\" class=\"yoast-schema-graph\">{\"@context\":\"https:\/\/schema.org\",\"@graph\":[{\"@type\":\"WebPage\",\"@id\":\"https:\/\/la-freelancerie.fr\/2020\/03\/02\/lancement-du-collectif-la-freelancerie\/\",\"url\":\"https:\/\/la-freelancerie.fr\/2020\/03\/02\/lancement-du-collectif-la-freelancerie\/\",\"name\":\"\/\/ Lancement du collectif LA FREELANCERIE - Collectif en communication\",\"isPartOf\":{\"@id\":\"https:\/\/la-freelancerie.fr\/fr\/#website\"},\"primaryImageOfPage\":{\"@id\":\"https:\/\/la-freelancerie.fr\/2020\/03\/02\/lancement-du-collectif-la-freelancerie\/#primaryimage\"},\"image\":{\"@id\":\"https:\/\/la-freelancerie.fr\/2020\/03\/02\/lancement-du-collectif-la-freelancerie\/#primaryimage\"},\"thumbnailUrl\":\"https:\/\/la-freelancerie.fr\/fr\/wp-content\/uploads\/2020\/03\/lancement-la-freelancerie-collectif-communication-nantes-larochesuryon-cholet-angers-rennes.jpg\",\"datePublished\":\"2020-03-02T16:16:20+00:00\",\"dateModified\":\"2020-03-05T10:41:10+00:00\",\"author\":{\"@id\":\"https:\/\/la-freelancerie.fr\/fr\/#\/schema\/person\/13ad9cdd285f7c48fa0cfc270d77dde5\"},\"description\":\"Lancement du collectif LA FREELANCERIE - Collectif de Freelances de confiances - Pays de la Loire - La Roche sur Yon, Nantes, Pornic, Rennes, Angers, Cholet\",\"breadcrumb\":{\"@id\":\"https:\/\/la-freelancerie.fr\/2020\/03\/02\/lancement-du-collectif-la-freelancerie\/#breadcrumb\"},\"inLanguage\":\"fr-FR\",\"potentialAction\":[{\"@type\":\"ReadAction\",\"target\":[\"https:\/\/la-freelancerie.fr\/2020\/03\/02\/lancement-du-collectif-la-freelancerie\/\"]}]},{\"@type\":\"ImageObject\",\"inLanguage\":\"fr-FR\",\"@id\":\"https:\/\/la-freelancerie.fr\/2020\/03\/02\/lancement-du-collectif-la-freelancerie\/#primaryimage\",\"url\":\"https:\/\/la-freelancerie.fr\/fr\/wp-content\/uploads\/2020\/03\/lancement-la-freelancerie-collectif-communication-nantes-larochesuryon-cholet-angers-rennes.jpg\",\"contentUrl\":\"https:\/\/la-freelancerie.fr\/fr\/wp-content\/uploads\/2020\/03\/lancement-la-freelancerie-collectif-communication-nantes-larochesuryon-cholet-angers-rennes.jpg\",\"width\":840,\"height\":320,\"caption\":\"Lancement la Freelancerie - Collectif communication - Nantes - La Roche sur Yon - Pornic - Cholet - Rennes - Angers\"},{\"@type\":\"BreadcrumbList\",\"@id\":\"https:\/\/la-freelancerie.fr\/2020\/03\/02\/lancement-du-collectif-la-freelancerie\/#breadcrumb\",\"itemListElement\":[{\"@type\":\"ListItem\",\"position\":1,\"name\":\"Accueil\",\"item\":\"https:\/\/la-freelancerie.fr\/la-freelancerie\/\"},{\"@type\":\"ListItem\",\"position\":2,\"name\":\"\/\/ Lancement du collectif LA FREELANCERIE\"}]},{\"@type\":\"WebSite\",\"@id\":\"https:\/\/la-freelancerie.fr\/fr\/#website\",\"url\":\"https:\/\/la-freelancerie.fr\/fr\/\",\"name\":\"LA FREELANCERIE\",\"description\":\"Communication\",\"potentialAction\":[{\"@type\":\"SearchAction\",\"target\":{\"@type\":\"EntryPoint\",\"urlTemplate\":\"https:\/\/la-freelancerie.fr\/fr\/?s={search_term_string}\"},\"query-input\":\"required name=search_term_string\"}],\"inLanguage\":\"fr-FR\"},{\"@type\":\"Person\",\"@id\":\"https:\/\/la-freelancerie.fr\/fr\/#\/schema\/person\/13ad9cdd285f7c48fa0cfc270d77dde5\",\"name\":\"LA FREELANCERIE\",\"image\":{\"@type\":\"ImageObject\",\"inLanguage\":\"fr-FR\",\"@id\":\"https:\/\/la-freelancerie.fr\/fr\/#\/schema\/person\/image\/\",\"url\":\"https:\/\/secure.gravatar.com\/avatar\/9649dbbfb80c1dffcc0bb6889072bcdd?s=96&d=mm&r=g\",\"contentUrl\":\"https:\/\/secure.gravatar.com\/avatar\/9649dbbfb80c1dffcc0bb6889072bcdd?s=96&d=mm&r=g\",\"caption\":\"LA FREELANCERIE\"},\"url\":\"https:\/\/la-freelancerie.fr\/fr\/author\/la-freelancerie\/\"}]}<\/script>\n<!-- \/ Yoast SEO plugin. -->","yoast_head_json":{"title":"\/\/ Lancement du collectif LA FREELANCERIE - Collectif en communication","description":"Lancement du collectif LA FREELANCERIE - Collectif de Freelances de confiances - Pays de la Loire - La Roche sur Yon, Nantes, Pornic, Rennes, Angers, Cholet","robots":{"index":"index","follow":"follow","max-snippet":"max-snippet:-1","max-image-preview":"max-image-preview:large","max-video-preview":"max-video-preview:-1"},"canonical":"https:\/\/la-freelancerie.fr\/2020\/03\/02\/lancement-du-collectif-la-freelancerie\/","og_locale":"fr_FR","og_type":"article","og_title":"\/\/ Lancement du collectif LA FREELANCERIE - Collectif en communication","og_description":"Lancement du collectif LA FREELANCERIE - Collectif de Freelances de confiances - Pays de la Loire - La Roche sur Yon, Nantes, Pornic, Rennes, Angers, Cholet","og_url":"https:\/\/la-freelancerie.fr\/2020\/03\/02\/lancement-du-collectif-la-freelancerie\/","og_site_name":"LA FREELANCERIE","article_published_time":"2020-03-02T16:16:20+00:00","article_modified_time":"2020-03-05T10:41:10+00:00","og_image":[{"width":840,"height":320,"url":"https:\/\/la-freelancerie.fr\/wp-content\/uploads\/2020\/03\/lancement-la-freelancerie-collectif-communication-nantes-larochesuryon-cholet-angers-rennes.jpg","type":"image\/jpeg"}],"author":"LA FREELANCERIE","twitter_card":"summary_large_image","twitter_misc":{"\u00c9crit par":"LA FREELANCERIE","Dur\u00e9e de lecture estim\u00e9e":"1 minute"},"schema":{"@context":"https:\/\/schema.org","@graph":[{"@type":"WebPage","@id":"https:\/\/la-freelancerie.fr\/2020\/03\/02\/lancement-du-collectif-la-freelancerie\/","url":"https:\/\/la-freelancerie.fr\/2020\/03\/02\/lancement-du-collectif-la-freelancerie\/","name":"\/\/ Lancement du collectif LA FREELANCERIE - Collectif en communication","isPartOf":{"@id":"https:\/\/la-freelancerie.fr\/fr\/#website"},"primaryImageOfPage":{"@id":"https:\/\/la-freelancerie.fr\/2020\/03\/02\/lancement-du-collectif-la-freelancerie\/#primaryimage"},"image":{"@id":"https:\/\/la-freelancerie.fr\/2020\/03\/02\/lancement-du-collectif-la-freelancerie\/#primaryimage"},"thumbnailUrl":"https:\/\/la-freelancerie.fr\/fr\/wp-content\/uploads\/2020\/03\/lancement-la-freelancerie-collectif-communication-nantes-larochesuryon-cholet-angers-rennes.jpg","datePublished":"2020-03-02T16:16:20+00:00","dateModified":"2020-03-05T10:41:10+00:00","author":{"@id":"https:\/\/la-freelancerie.fr\/fr\/#\/schema\/person\/13ad9cdd285f7c48fa0cfc270d77dde5"},"description":"Lancement du collectif LA FREELANCERIE - Collectif de Freelances de confiances - Pays de la Loire - La Roche sur Yon, Nantes, Pornic, Rennes, Angers, Cholet","breadcrumb":{"@id":"https:\/\/la-freelancerie.fr\/2020\/03\/02\/lancement-du-collectif-la-freelancerie\/#breadcrumb"},"inLanguage":"fr-FR","potentialAction":[{"@type":"ReadAction","target":["https:\/\/la-freelancerie.fr\/2020\/03\/02\/lancement-du-collectif-la-freelancerie\/"]}]},{"@type":"ImageObject","inLanguage":"fr-FR","@id":"https:\/\/la-freelancerie.fr\/2020\/03\/02\/lancement-du-collectif-la-freelancerie\/#primaryimage","url":"https:\/\/la-freelancerie.fr\/fr\/wp-content\/uploads\/2020\/03\/lancement-la-freelancerie-collectif-communication-nantes-larochesuryon-cholet-angers-rennes.jpg","contentUrl":"https:\/\/la-freelancerie.fr\/fr\/wp-content\/uploads\/2020\/03\/lancement-la-freelancerie-collectif-communication-nantes-larochesuryon-cholet-angers-rennes.jpg","width":840,"height":320,"caption":"Lancement la Freelancerie - Collectif communication - Nantes - La Roche sur Yon - Pornic - Cholet - Rennes - Angers"},{"@type":"BreadcrumbList","@id":"https:\/\/la-freelancerie.fr\/2020\/03\/02\/lancement-du-collectif-la-freelancerie\/#breadcrumb","itemListElement":[{"@type":"ListItem","position":1,"name":"Accueil","item":"https:\/\/la-freelancerie.fr\/la-freelancerie\/"},{"@type":"ListItem","position":2,"name":"\/\/ Lancement du collectif LA FREELANCERIE"}]},{"@type":"WebSite","@id":"https:\/\/la-freelancerie.fr\/fr\/#website","url":"https:\/\/la-freelancerie.fr\/fr\/","name":"LA FREELANCERIE","description":"Communication","potentialAction":[{"@type":"SearchAction","target":{"@type":"EntryPoint","urlTemplate":"https:\/\/la-freelancerie.fr\/fr\/?s={search_term_string}"},"query-input":"required name=search_term_string"}],"inLanguage":"fr-FR"},{"@type":"Person","@id":"https:\/\/la-freelancerie.fr\/fr\/#\/schema\/person\/13ad9cdd285f7c48fa0cfc270d77dde5","name":"LA FREELANCERIE","image":{"@type":"ImageObject","inLanguage":"fr-FR","@id":"https:\/\/la-freelancerie.fr\/fr\/#\/schema\/person\/image\/","url":"https:\/\/secure.gravatar.com\/avatar\/9649dbbfb80c1dffcc0bb6889072bcdd?s=96&d=mm&r=g","contentUrl":"https:\/\/secure.gravatar.com\/avatar\/9649dbbfb80c1dffcc0bb6889072bcdd?s=96&d=mm&r=g","caption":"LA FREELANCERIE"},"url":"https:\/\/la-freelancerie.fr\/fr\/author\/la-freelancerie\/"}]}},"_links":{"self":[{"href":"https:\/\/la-freelancerie.fr\/fr\/wp-json\/wp\/v2\/posts\/841"}],"collection":[{"href":"https:\/\/la-freelancerie.fr\/fr\/wp-json\/wp\/v2\/posts"}],"about":[{"href":"https:\/\/la-freelancerie.fr\/fr\/wp-json\/wp\/v2\/types\/post"}],"author":[{"embeddable":true,"href":"https:\/\/la-freelancerie.fr\/fr\/wp-json\/wp\/v2\/users\/1"}],"replies":[{"embeddable":true,"href":"https:\/\/la-freelancerie.fr\/fr\/wp-json\/wp\/v2\/comments?post=841"}],"version-history":[{"count":6,"href":"https:\/\/la-freelancerie.fr\/fr\/wp-json\/wp\/v2\/posts\/841\/revisions"}],"predecessor-version":[{"id":864,"href":"https:\/\/la-freelancerie.fr\/fr\/wp-json\/wp\/v2\/posts\/841\/revisions\/864"}],"wp:featuredmedia":[{"embeddable":true,"href":"https:\/\/la-freelancerie.fr\/fr\/wp-json\/wp\/v2\/media\/848"}],"wp:attachment":[{"href":"https:\/\/la-freelancerie.fr\/fr\/wp-json\/wp\/v2\/media?parent=841"}],"wp:term":[{"taxonomy":"category","embeddable":true,"href":"https:\/\/la-freelancerie.fr\/fr\/wp-json\/wp\/v2\/categories?post=841"},{"taxonomy":"post_tag","embeddable":true,"href":"https:\/\/la-freelancerie.fr\/fr\/wp-json\/wp\/v2\/tags?post=841"}],"curies":[{"name":"wp","href":"https:\/\/api.w.org\/{rel}","templated":true}]}}