{"id":1330,"date":"2020-11-07T13:59:18","date_gmt":"2020-11-07T12:59:18","guid":{"rendered":"https:\/\/la-freelancerie.fr\/fr\/?p=1330"},"modified":"2020-11-07T13:59:32","modified_gmt":"2020-11-07T12:59:32","slug":"soutenons-nos-commerces-projet-solidaire","status":"publish","type":"post","link":"https:\/\/la-freelancerie.fr\/fr\/2020\/11\/07\/soutenons-nos-commerces-projet-solidaire\/","title":{"rendered":"\/\/ Soutenons nos commerces &#8211; Projet solidaire"},"content":{"rendered":"<div id=\"attachment_1335\" style=\"width: 1040px\" class=\"wp-caption alignnone\"><img decoding=\"async\" aria-describedby=\"caption-attachment-1335\" class=\"size-large wp-image-1335\" src=\"https:\/\/la-freelancerie.fr\/fr\/wp-content\/uploads\/2020\/11\/soutenons-nos-commerces-la-freelancerie-1030x260.jpg\" alt=\"Soutenons nos commerces par La Freelancerie\" width=\"1030\" height=\"260\" srcset=\"https:\/\/la-freelancerie.fr\/fr\/wp-content\/uploads\/2020\/11\/soutenons-nos-commerces-la-freelancerie-1030x260.jpg 1030w, https:\/\/la-freelancerie.fr\/fr\/wp-content\/uploads\/2020\/11\/soutenons-nos-commerces-la-freelancerie-600x152.jpg 600w, https:\/\/la-freelancerie.fr\/fr\/wp-content\/uploads\/2020\/11\/soutenons-nos-commerces-la-freelancerie-300x76.jpg 300w, https:\/\/la-freelancerie.fr\/fr\/wp-content\/uploads\/2020\/11\/soutenons-nos-commerces-la-freelancerie-768x194.jpg 768w, https:\/\/la-freelancerie.fr\/fr\/wp-content\/uploads\/2020\/11\/soutenons-nos-commerces-la-freelancerie-1500x379.jpg 1500w, https:\/\/la-freelancerie.fr\/fr\/wp-content\/uploads\/2020\/11\/soutenons-nos-commerces-la-freelancerie-705x178.jpg 705w, https:\/\/la-freelancerie.fr\/fr\/wp-content\/uploads\/2020\/11\/soutenons-nos-commerces-la-freelancerie.jpg 1980w\" sizes=\"(max-width: 1030px) 100vw, 1030px\" \/><p id=\"caption-attachment-1335\" class=\"wp-caption-text\"><span style=\"font-family: Helvetica;\">\/\/<\/span><span style=\"font-family: nature-beauty; font-size: 18pt;\"> Soutenons nos commerces<\/span><\/p><\/div>\n<p><span style=\"font-family: Helvetica; font-size: 12pt;\">\u2764\ufe0f <strong>Le d\u00e9fi a \u00e9t\u00e9 relev\u00e9 !<\/strong><\/span><br \/>\n<span style=\"font-family: Helvetica; font-size: 12pt;\">Suite \u00e0 l\u2019annonce du gouvernement d\u2019un second confinement et la fermeture des commerces \u00ab non-essentiels \u00bb, <span style=\"font-family: nature-beauty;\">La Freelancerie<\/span>, s\u2019est lanc\u00e9 le d\u00e9fi de cr\u00e9er une plateforme de vente en ligne en soutien aux commer\u00e7ants ind\u00e9pendants en moins de 4 jours.<\/span><\/p>\n<p><span style=\"font-family: Helvetica; font-size: 12pt;\">\u2764\ufe0f<strong> Une belle aventure pour un projet solidaire :<\/strong><\/span><\/p>\n<p><span style=\"font-family: Helvetica; font-size: 12pt;\"><strong>Mercredi 28 octobre \u00e0 20h<\/strong> : Le gouvernement annonce un reconfinement et la fermeture des commerces non-essentiels<\/span><br \/>\n<span style=\"font-family: Helvetica; font-size: 12pt;\"><strong>Jeudi 29 octobre \u00e0 14h<\/strong> : R\u00e9union en visio + R\u00e9flexion sur \u00ab\u00a0Comment aider ces commerces en difficult\u00e9\u00a0\u00bb ?<\/span><br \/>\n<span style=\"font-family: Helvetica; font-size: 12pt;\"><strong>Lundi 2 novembre \u00e0 11h<\/strong> : Face \u00e0 l\u2019urgence, nous avons r\u00e9fl\u00e9chi pour cette formule : une plateforme de vente en ligne 100% gratuite pour les commer\u00e7ants.<\/span><\/p>\n<p><span style=\"font-family: Helvetica; font-size: 12pt;\">En 4 jours, gr\u00e2ce \u00e0 compl\u00e9mentarit\u00e9 de nos sp\u00e9cialit\u00e9s, nous avons collabor\u00e9 ensemble pour concevoir ce projet avec le c\u0153ur.<\/span><\/p>\n<p><span style=\"font-family: Helvetica; font-size: 12pt;\"><strong>Jeudi 5 novembre \u00e0 18h<\/strong> : Lancement officiel de la Plateforme SOUTENONS NOS COMMERCES.<\/span><br \/>\n<span style=\"font-family: Helvetica; font-size: 12pt;\"><a href=\"https:\/\/soutenonsnoscommerces.com\/\" data-attribute-index=\"34\">www.soutenonsnoscommerces.com<\/a><\/span><\/p>\n<p><img decoding=\"async\" class=\"size-full wp-image-1338\" src=\"https:\/\/la-freelancerie.fr\/fr\/wp-content\/uploads\/2020\/11\/soutenons-nos-commerces-par-la-freelancerie.jpg\" alt=\"Soutenons nos commerces par la Freelancerie\" width=\"840\" height=\"320\" srcset=\"https:\/\/la-freelancerie.fr\/fr\/wp-content\/uploads\/2020\/11\/soutenons-nos-commerces-par-la-freelancerie.jpg 840w, https:\/\/la-freelancerie.fr\/fr\/wp-content\/uploads\/2020\/11\/soutenons-nos-commerces-par-la-freelancerie-600x229.jpg 600w, https:\/\/la-freelancerie.fr\/fr\/wp-content\/uploads\/2020\/11\/soutenons-nos-commerces-par-la-freelancerie-300x114.jpg 300w, https:\/\/la-freelancerie.fr\/fr\/wp-content\/uploads\/2020\/11\/soutenons-nos-commerces-par-la-freelancerie-768x293.jpg 768w, https:\/\/la-freelancerie.fr\/fr\/wp-content\/uploads\/2020\/11\/soutenons-nos-commerces-par-la-freelancerie-705x269.jpg 705w\" sizes=\"(max-width: 840px) 100vw, 840px\" \/><\/p>\n<hr \/>\n<p><span style=\"font-family: Helvetica; font-size: 12pt;\">\u2764\ufe0f <strong>Une \u00e9quipe compl\u00e8te pour un objectif commun<\/strong><\/span><\/p>\n<p><span style=\"font-family: Helvetica; font-size: 12pt;\">Coordination Projet<\/span><br \/>\n<span style=\"font-family: Helvetica; font-size: 12pt;\"><a href=\"https:\/\/www.linkedin.com\/in\/ACoAACUlhaIBXY5jfC62bkXI8pGLt-A48-Vo2JM\" data-attribute-index=\"2\" data-entity-hovercard-id=\"urn:li:fs_miniProfile:ACoAACUlhaIBXY5jfC62bkXI8pGLt-A48-Vo2JM\" data-entity-type=\"MINI_PROFILE\">Fran\u00e7ois LE<\/a><\/span><br \/>\n<span style=\"font-family: Helvetica; font-size: 12pt;\">Technique \/ D\u00e9veloppement :<\/span><br \/>\n<span style=\"font-family: Helvetica; font-size: 12pt;\"><a href=\"https:\/\/www.linkedin.com\/in\/ACoAAAzGE2UBSxgbw58yEJqHri7Rr4a4Vxo3-lg\" data-attribute-index=\"4\" data-entity-hovercard-id=\"urn:li:fs_miniProfile:ACoAAAzGE2UBSxgbw58yEJqHri7Rr4a4Vxo3-lg\" data-entity-type=\"MINI_PROFILE\">Martin Bouillaud<\/a>\u00a0\/\u00a0<a href=\"https:\/\/www.linkedin.com\/in\/ACoAABHs2UUBBgtHyenk8BBsC68_wbCbI0jmnic\" data-attribute-index=\"6\" data-entity-hovercard-id=\"urn:li:fs_miniProfile:ACoAABHs2UUBBgtHyenk8BBsC68_wbCbI0jmnic\" data-entity-type=\"MINI_PROFILE\">Nicolas Le Gall<\/a>\u00a0\/\u00a0<a href=\"https:\/\/www.linkedin.com\/in\/ACoAAAWmEewBRjhcMNyiJzOhuJeiYiiUXhqnr_M\" data-attribute-index=\"8\" data-entity-hovercard-id=\"urn:li:fs_miniProfile:ACoAAAWmEewBRjhcMNyiJzOhuJeiYiiUXhqnr_M\" data-entity-type=\"MINI_PROFILE\">Thomas Pasquier<\/a><\/span><br \/>\n<span style=\"font-family: Helvetica; font-size: 12pt;\">Consulting \/ Communication :<\/span><br \/>\n<span style=\"font-family: Helvetica; font-size: 12pt;\"><a href=\"https:\/\/www.linkedin.com\/in\/ACoAAAxutukBRu64-ZyVB5KWRL1O66Wzf3Eo_iQ\" data-attribute-index=\"10\" data-entity-hovercard-id=\"urn:li:fs_miniProfile:ACoAAAxutukBRu64-ZyVB5KWRL1O66Wzf3Eo_iQ\" data-entity-type=\"MINI_PROFILE\">Bertille Mahot<\/a>\u00a0\/\u00a0<a href=\"https:\/\/www.linkedin.com\/in\/ACoAAAk4VDIBSDwuD8nIh8sy-lm89e5g_AI-hLQ\" data-attribute-index=\"12\" data-entity-hovercard-id=\"urn:li:fs_miniProfile:ACoAAAk4VDIBSDwuD8nIh8sy-lm89e5g_AI-hLQ\" data-entity-type=\"MINI_PROFILE\">Cyril Lef\u00e8vre<\/a><\/span><br \/>\n<span style=\"font-family: Helvetica; font-size: 12pt;\">R\u00e9daction \/ Administration :<\/span><br \/>\n<span style=\"font-family: Helvetica; font-size: 12pt;\"><a href=\"https:\/\/www.linkedin.com\/in\/ACoAAAo5lpIBWaXPktnc9tg_ejkm3X-nTOmScHM\" data-attribute-index=\"14\" data-entity-hovercard-id=\"urn:li:fs_miniProfile:ACoAAAo5lpIBWaXPktnc9tg_ejkm3X-nTOmScHM\" data-entity-type=\"MINI_PROFILE\">Charlotte Le Doyen<\/a>\u00a0\/\u00a0<a href=\"https:\/\/www.linkedin.com\/in\/ACoAACRgzWMBT3mVCirmFPsIiWg6x8OSC3sz_UY\" data-attribute-index=\"16\" data-entity-hovercard-id=\"urn:li:fs_miniProfile:ACoAACRgzWMBT3mVCirmFPsIiWg6x8OSC3sz_UY\" data-entity-type=\"MINI_PROFILE\">Brice MARTIN<\/a><\/span><br \/>\n<span style=\"font-family: Helvetica; font-size: 12pt;\">Graphisme<\/span><br \/>\n<span style=\"font-family: Helvetica; font-size: 12pt;\"><a href=\"https:\/\/www.linkedin.com\/in\/ACoAABVGHA4BiEeYntgwsPnCS0n4lnELWF71mAI\" data-attribute-index=\"18\" data-entity-hovercard-id=\"urn:li:fs_miniProfile:ACoAABVGHA4BiEeYntgwsPnCS0n4lnELWF71mAI\" data-entity-type=\"MINI_PROFILE\">Alexis Danard<\/a><\/span><br \/>\n<span style=\"font-family: Helvetica; font-size: 12pt;\">Soutien de \u2661<\/span><br \/>\n<span style=\"font-family: Helvetica; font-size: 12pt;\"><a href=\"https:\/\/www.linkedin.com\/in\/ACoAAByDZA4BaKkcvHjRenfyaTfiaV-H4shdppc\" data-attribute-index=\"20\" data-entity-hovercard-id=\"urn:li:fs_miniProfile:ACoAAByDZA4BaKkcvHjRenfyaTfiaV-H4shdppc\" data-entity-type=\"MINI_PROFILE\">Guillaume Chueca<\/a>\u00a0\/\u00a0<a href=\"https:\/\/www.linkedin.com\/in\/ACoAAAgfABgBnXIqGwpVwjlUfTies8Vnc2lqwqw\" data-attribute-index=\"22\" data-entity-hovercard-id=\"urn:li:fs_miniProfile:ACoAAAgfABgBnXIqGwpVwjlUfTies8Vnc2lqwqw\" data-entity-type=\"MINI_PROFILE\">Jo\u00ebl CHRABIE<\/a>\u00a0\/\u00a0<a href=\"https:\/\/www.linkedin.com\/in\/ACoAAAEuihwBTupVpXBVk1QzuHOeOw6n7D1jS4A\" data-attribute-index=\"24\" data-entity-hovercard-id=\"urn:li:fs_miniProfile:ACoAAAEuihwBTupVpXBVk1QzuHOeOw6n7D1jS4A\" data-entity-type=\"MINI_PROFILE\">Jean-Christophe H\u00e9mez<\/a>\u00a0\/\u00a0<a href=\"https:\/\/www.linkedin.com\/in\/ACoAACWczQ4BVy_NEDsVq_prUkU7ikAMo5nr9Rs\" data-attribute-index=\"26\" data-entity-hovercard-id=\"urn:li:fs_miniProfile:ACoAACWczQ4BVy_NEDsVq_prUkU7ikAMo5nr9Rs\" data-entity-type=\"MINI_PROFILE\">Raphael Sauzeau<\/a>\u00a0\/\u00a0<a href=\"https:\/\/www.linkedin.com\/in\/ACoAAAb-T_IBJlCuVMngxNuSa9LWqbgHahyPl_A\" data-attribute-index=\"28\" data-entity-hovercard-id=\"urn:li:fs_miniProfile:ACoAAAb-T_IBJlCuVMngxNuSa9LWqbgHahyPl_A\" data-entity-type=\"MINI_PROFILE\">M\u00e9lissa AMZIANE<\/a>\u00a0\/\u00a0<a href=\"https:\/\/www.linkedin.com\/in\/ACoAABqOKswBmE5iF8OfxRbLA5_ogAk3b27dq7U\" data-attribute-index=\"30\" data-entity-hovercard-id=\"urn:li:fs_miniProfile:ACoAABqOKswBmE5iF8OfxRbLA5_ogAk3b27dq7U\" data-entity-type=\"MINI_PROFILE\">Camille Bonenfant<\/a>\u00a0\/\u00a0<a href=\"https:\/\/www.linkedin.com\/in\/ACoAACJSk7QB7u86elV-qHKvxLdIcCO09wPGh0Y\" data-attribute-index=\"32\" data-entity-hovercard-id=\"urn:li:fs_miniProfile:ACoAACJSk7QB7u86elV-qHKvxLdIcCO09wPGh0Y\" data-entity-type=\"MINI_PROFILE\">No\u00e9mie AUBERT<\/a><\/span><\/p>\n<hr \/>\n<p><span style=\"font-size: 12pt; font-family: Helvetica;\">Retrouvez nos r\u00e9alisations <a href=\"https:\/\/la-freelancerie.fr\/fr\/nos-realisations\/\">ici<\/a>\u00a0et suivez nos actualit\u00e9s sur notre page <a href=\"https:\/\/www.facebook.com\/lafreelancerie\/\">Facebook<\/a> et <a href=\"https:\/\/www.linkedin.com\/company\/37060186\/\">Linkedin<\/a>.<\/span><\/p>\n<p><span style=\"font-family: nature-beauty; font-size: 12pt;\"><strong>Ils parlent de nous :<\/strong><\/span><\/p>\n<p><img decoding=\"async\" class=\"alignnone wp-image-1331\" src=\"https:\/\/la-freelancerie.fr\/fr\/wp-content\/uploads\/2020\/11\/soutenons-nos-commerces-chronique-republicaine.png\" alt=\"\" width=\"160\" height=\"160\" srcset=\"https:\/\/la-freelancerie.fr\/fr\/wp-content\/uploads\/2020\/11\/soutenons-nos-commerces-chronique-republicaine.png 500w, https:\/\/la-freelancerie.fr\/fr\/wp-content\/uploads\/2020\/11\/soutenons-nos-commerces-chronique-republicaine-300x300.png 300w, https:\/\/la-freelancerie.fr\/fr\/wp-content\/uploads\/2020\/11\/soutenons-nos-commerces-chronique-republicaine-100x100.png 100w, https:\/\/la-freelancerie.fr\/fr\/wp-content\/uploads\/2020\/11\/soutenons-nos-commerces-chronique-republicaine-80x80.png 80w, https:\/\/la-freelancerie.fr\/fr\/wp-content\/uploads\/2020\/11\/soutenons-nos-commerces-chronique-republicaine-36x36.png 36w, https:\/\/la-freelancerie.fr\/fr\/wp-content\/uploads\/2020\/11\/soutenons-nos-commerces-chronique-republicaine-180x180.png 180w, https:\/\/la-freelancerie.fr\/fr\/wp-content\/uploads\/2020\/11\/soutenons-nos-commerces-chronique-republicaine-450x450.png 450w\" sizes=\"(max-width: 160px) 100vw, 160px\" \/> <img decoding=\"async\" class=\"alignnone wp-image-1332\" src=\"https:\/\/la-freelancerie.fr\/fr\/wp-content\/uploads\/2020\/11\/soutenons-nos-commerces-courrier-du-pays-de-retz.png\" alt=\"\" width=\"160\" height=\"160\" srcset=\"https:\/\/la-freelancerie.fr\/fr\/wp-content\/uploads\/2020\/11\/soutenons-nos-commerces-courrier-du-pays-de-retz.png 500w, https:\/\/la-freelancerie.fr\/fr\/wp-content\/uploads\/2020\/11\/soutenons-nos-commerces-courrier-du-pays-de-retz-300x300.png 300w, https:\/\/la-freelancerie.fr\/fr\/wp-content\/uploads\/2020\/11\/soutenons-nos-commerces-courrier-du-pays-de-retz-100x100.png 100w, https:\/\/la-freelancerie.fr\/fr\/wp-content\/uploads\/2020\/11\/soutenons-nos-commerces-courrier-du-pays-de-retz-80x80.png 80w, https:\/\/la-freelancerie.fr\/fr\/wp-content\/uploads\/2020\/11\/soutenons-nos-commerces-courrier-du-pays-de-retz-36x36.png 36w, https:\/\/la-freelancerie.fr\/fr\/wp-content\/uploads\/2020\/11\/soutenons-nos-commerces-courrier-du-pays-de-retz-180x180.png 180w, https:\/\/la-freelancerie.fr\/fr\/wp-content\/uploads\/2020\/11\/soutenons-nos-commerces-courrier-du-pays-de-retz-450x450.png 450w\" sizes=\"(max-width: 160px) 100vw, 160px\" \/> <img decoding=\"async\" class=\"alignnone wp-image-1333\" src=\"https:\/\/la-freelancerie.fr\/fr\/wp-content\/uploads\/2020\/11\/soutenons-nos-commerces-oceane-fm.png\" alt=\"\" width=\"160\" height=\"160\" srcset=\"https:\/\/la-freelancerie.fr\/fr\/wp-content\/uploads\/2020\/11\/soutenons-nos-commerces-oceane-fm.png 500w, https:\/\/la-freelancerie.fr\/fr\/wp-content\/uploads\/2020\/11\/soutenons-nos-commerces-oceane-fm-300x300.png 300w, https:\/\/la-freelancerie.fr\/fr\/wp-content\/uploads\/2020\/11\/soutenons-nos-commerces-oceane-fm-100x100.png 100w, https:\/\/la-freelancerie.fr\/fr\/wp-content\/uploads\/2020\/11\/soutenons-nos-commerces-oceane-fm-80x80.png 80w, https:\/\/la-freelancerie.fr\/fr\/wp-content\/uploads\/2020\/11\/soutenons-nos-commerces-oceane-fm-36x36.png 36w, https:\/\/la-freelancerie.fr\/fr\/wp-content\/uploads\/2020\/11\/soutenons-nos-commerces-oceane-fm-180x180.png 180w, https:\/\/la-freelancerie.fr\/fr\/wp-content\/uploads\/2020\/11\/soutenons-nos-commerces-oceane-fm-450x450.png 450w\" sizes=\"(max-width: 160px) 100vw, 160px\" \/> <img decoding=\"async\" class=\"alignnone wp-image-1334\" src=\"https:\/\/la-freelancerie.fr\/fr\/wp-content\/uploads\/2020\/11\/soutenons-nos-commerces-ouest-france.png\" alt=\"\" width=\"159\" height=\"159\" srcset=\"https:\/\/la-freelancerie.fr\/fr\/wp-content\/uploads\/2020\/11\/soutenons-nos-commerces-ouest-france.png 500w, https:\/\/la-freelancerie.fr\/fr\/wp-content\/uploads\/2020\/11\/soutenons-nos-commerces-ouest-france-300x300.png 300w, https:\/\/la-freelancerie.fr\/fr\/wp-content\/uploads\/2020\/11\/soutenons-nos-commerces-ouest-france-100x100.png 100w, https:\/\/la-freelancerie.fr\/fr\/wp-content\/uploads\/2020\/11\/soutenons-nos-commerces-ouest-france-80x80.png 80w, https:\/\/la-freelancerie.fr\/fr\/wp-content\/uploads\/2020\/11\/soutenons-nos-commerces-ouest-france-36x36.png 36w, https:\/\/la-freelancerie.fr\/fr\/wp-content\/uploads\/2020\/11\/soutenons-nos-commerces-ouest-france-180x180.png 180w, https:\/\/la-freelancerie.fr\/fr\/wp-content\/uploads\/2020\/11\/soutenons-nos-commerces-ouest-france-450x450.png 450w\" sizes=\"(max-width: 159px) 100vw, 159px\" \/><\/p>\n","protected":false},"excerpt":{"rendered":"<p>\u2764\ufe0f Le d\u00e9fi a \u00e9t\u00e9 relev\u00e9 ! Suite \u00e0 l\u2019annonce du gouvernement d\u2019un second confinement et la fermeture des commerces \u00ab non-essentiels \u00bb, La Freelancerie, s\u2019est lanc\u00e9 le d\u00e9fi de cr\u00e9er une plateforme de vente en ligne en soutien aux commer\u00e7ants ind\u00e9pendants en moins de 4 jours. \u2764\ufe0f Une belle aventure pour un projet solidaire [&hellip;]<\/p>\n","protected":false},"author":1,"featured_media":1338,"comment_status":"closed","ping_status":"closed","sticky":false,"template":"","format":"standard","meta":{"footnotes":""},"categories":[9,10],"tags":[],"yoast_head":"<!-- This site is optimized with the Yoast SEO plugin v22.4 - https:\/\/yoast.com\/wordpress\/plugins\/seo\/ -->\n<title>\/\/ Soutenons nos commerces - Projet solidaire - par LA FREELANCERIE<\/title>\n<meta name=\"description\" content=\"Soutenons nos commerces, plateforme de vente en ligne solidaire 100% gratuite pour les commer\u00e7ants ind\u00e9pendants. D\u00e9velopp\u00e9e et propos\u00e9e par La Freelancerie\" \/>\n<meta name=\"robots\" content=\"index, follow, max-snippet:-1, max-image-preview:large, max-video-preview:-1\" \/>\n<link rel=\"canonical\" href=\"https:\/\/la-freelancerie.fr\/2020\/11\/07\/soutenons-nos-commerces-projet-solidaire\/\" \/>\n<meta property=\"og:locale\" content=\"fr_FR\" \/>\n<meta property=\"og:type\" content=\"article\" \/>\n<meta property=\"og:title\" content=\"\/\/ Soutenons nos commerces - Projet solidaire - par LA FREELANCERIE\" \/>\n<meta property=\"og:description\" content=\"Soutenons nos commerces, plateforme de vente en ligne solidaire 100% gratuite pour les commer\u00e7ants ind\u00e9pendants. D\u00e9velopp\u00e9e et propos\u00e9e par La Freelancerie\" \/>\n<meta property=\"og:url\" content=\"https:\/\/la-freelancerie.fr\/2020\/11\/07\/soutenons-nos-commerces-projet-solidaire\/\" \/>\n<meta property=\"og:site_name\" content=\"LA FREELANCERIE\" \/>\n<meta property=\"article:published_time\" content=\"2020-11-07T12:59:18+00:00\" \/>\n<meta property=\"article:modified_time\" content=\"2020-11-07T12:59:32+00:00\" \/>\n<meta property=\"og:image\" content=\"https:\/\/la-freelancerie.fr\/wp-content\/uploads\/2020\/11\/soutenons-nos-commerces-par-la-freelancerie.jpg\" \/>\n\t<meta property=\"og:image:width\" content=\"840\" \/>\n\t<meta property=\"og:image:height\" content=\"320\" \/>\n\t<meta property=\"og:image:type\" content=\"image\/jpeg\" \/>\n<meta name=\"author\" content=\"LA FREELANCERIE\" \/>\n<meta name=\"twitter:card\" content=\"summary_large_image\" \/>\n<meta name=\"twitter:label1\" content=\"\u00c9crit par\" \/>\n\t<meta name=\"twitter:data1\" content=\"LA FREELANCERIE\" \/>\n\t<meta name=\"twitter:label2\" content=\"Dur\u00e9e de lecture estim\u00e9e\" \/>\n\t<meta name=\"twitter:data2\" content=\"1 minute\" \/>\n<script type=\"application\/ld+json\" class=\"yoast-schema-graph\">{\"@context\":\"https:\/\/schema.org\",\"@graph\":[{\"@type\":\"WebPage\",\"@id\":\"https:\/\/la-freelancerie.fr\/2020\/11\/07\/soutenons-nos-commerces-projet-solidaire\/\",\"url\":\"https:\/\/la-freelancerie.fr\/2020\/11\/07\/soutenons-nos-commerces-projet-solidaire\/\",\"name\":\"\/\/ Soutenons nos commerces - Projet solidaire - par LA FREELANCERIE\",\"isPartOf\":{\"@id\":\"https:\/\/la-freelancerie.fr\/fr\/#website\"},\"primaryImageOfPage\":{\"@id\":\"https:\/\/la-freelancerie.fr\/2020\/11\/07\/soutenons-nos-commerces-projet-solidaire\/#primaryimage\"},\"image\":{\"@id\":\"https:\/\/la-freelancerie.fr\/2020\/11\/07\/soutenons-nos-commerces-projet-solidaire\/#primaryimage\"},\"thumbnailUrl\":\"https:\/\/la-freelancerie.fr\/fr\/wp-content\/uploads\/2020\/11\/soutenons-nos-commerces-par-la-freelancerie.jpg\",\"datePublished\":\"2020-11-07T12:59:18+00:00\",\"dateModified\":\"2020-11-07T12:59:32+00:00\",\"author\":{\"@id\":\"https:\/\/la-freelancerie.fr\/fr\/#\/schema\/person\/13ad9cdd285f7c48fa0cfc270d77dde5\"},\"description\":\"Soutenons nos commerces, plateforme de vente en ligne solidaire 100% gratuite pour les commer\u00e7ants ind\u00e9pendants. D\u00e9velopp\u00e9e et propos\u00e9e par La Freelancerie\",\"breadcrumb\":{\"@id\":\"https:\/\/la-freelancerie.fr\/2020\/11\/07\/soutenons-nos-commerces-projet-solidaire\/#breadcrumb\"},\"inLanguage\":\"fr-FR\",\"potentialAction\":[{\"@type\":\"ReadAction\",\"target\":[\"https:\/\/la-freelancerie.fr\/2020\/11\/07\/soutenons-nos-commerces-projet-solidaire\/\"]}]},{\"@type\":\"ImageObject\",\"inLanguage\":\"fr-FR\",\"@id\":\"https:\/\/la-freelancerie.fr\/2020\/11\/07\/soutenons-nos-commerces-projet-solidaire\/#primaryimage\",\"url\":\"https:\/\/la-freelancerie.fr\/fr\/wp-content\/uploads\/2020\/11\/soutenons-nos-commerces-par-la-freelancerie.jpg\",\"contentUrl\":\"https:\/\/la-freelancerie.fr\/fr\/wp-content\/uploads\/2020\/11\/soutenons-nos-commerces-par-la-freelancerie.jpg\",\"width\":840,\"height\":320,\"caption\":\"Soutenons nos commerces par la Freelancerie\"},{\"@type\":\"BreadcrumbList\",\"@id\":\"https:\/\/la-freelancerie.fr\/2020\/11\/07\/soutenons-nos-commerces-projet-solidaire\/#breadcrumb\",\"itemListElement\":[{\"@type\":\"ListItem\",\"position\":1,\"name\":\"Accueil\",\"item\":\"https:\/\/la-freelancerie.fr\/la-freelancerie\/\"},{\"@type\":\"ListItem\",\"position\":2,\"name\":\"\/\/ Soutenons nos commerces &#8211; Projet solidaire\"}]},{\"@type\":\"WebSite\",\"@id\":\"https:\/\/la-freelancerie.fr\/fr\/#website\",\"url\":\"https:\/\/la-freelancerie.fr\/fr\/\",\"name\":\"LA FREELANCERIE\",\"description\":\"Communication\",\"potentialAction\":[{\"@type\":\"SearchAction\",\"target\":{\"@type\":\"EntryPoint\",\"urlTemplate\":\"https:\/\/la-freelancerie.fr\/fr\/?s={search_term_string}\"},\"query-input\":\"required name=search_term_string\"}],\"inLanguage\":\"fr-FR\"},{\"@type\":\"Person\",\"@id\":\"https:\/\/la-freelancerie.fr\/fr\/#\/schema\/person\/13ad9cdd285f7c48fa0cfc270d77dde5\",\"name\":\"LA FREELANCERIE\",\"image\":{\"@type\":\"ImageObject\",\"inLanguage\":\"fr-FR\",\"@id\":\"https:\/\/la-freelancerie.fr\/fr\/#\/schema\/person\/image\/\",\"url\":\"https:\/\/secure.gravatar.com\/avatar\/9649dbbfb80c1dffcc0bb6889072bcdd?s=96&d=mm&r=g\",\"contentUrl\":\"https:\/\/secure.gravatar.com\/avatar\/9649dbbfb80c1dffcc0bb6889072bcdd?s=96&d=mm&r=g\",\"caption\":\"LA FREELANCERIE\"},\"url\":\"https:\/\/la-freelancerie.fr\/fr\/author\/la-freelancerie\/\"}]}<\/script>\n<!-- \/ Yoast SEO plugin. -->","yoast_head_json":{"title":"\/\/ Soutenons nos commerces - Projet solidaire - par LA FREELANCERIE","description":"Soutenons nos commerces, plateforme de vente en ligne solidaire 100% gratuite pour les commer\u00e7ants ind\u00e9pendants. D\u00e9velopp\u00e9e et propos\u00e9e par La Freelancerie","robots":{"index":"index","follow":"follow","max-snippet":"max-snippet:-1","max-image-preview":"max-image-preview:large","max-video-preview":"max-video-preview:-1"},"canonical":"https:\/\/la-freelancerie.fr\/2020\/11\/07\/soutenons-nos-commerces-projet-solidaire\/","og_locale":"fr_FR","og_type":"article","og_title":"\/\/ Soutenons nos commerces - Projet solidaire - par LA FREELANCERIE","og_description":"Soutenons nos commerces, plateforme de vente en ligne solidaire 100% gratuite pour les commer\u00e7ants ind\u00e9pendants. D\u00e9velopp\u00e9e et propos\u00e9e par La Freelancerie","og_url":"https:\/\/la-freelancerie.fr\/2020\/11\/07\/soutenons-nos-commerces-projet-solidaire\/","og_site_name":"LA FREELANCERIE","article_published_time":"2020-11-07T12:59:18+00:00","article_modified_time":"2020-11-07T12:59:32+00:00","og_image":[{"width":840,"height":320,"url":"https:\/\/la-freelancerie.fr\/wp-content\/uploads\/2020\/11\/soutenons-nos-commerces-par-la-freelancerie.jpg","type":"image\/jpeg"}],"author":"LA FREELANCERIE","twitter_card":"summary_large_image","twitter_misc":{"\u00c9crit par":"LA FREELANCERIE","Dur\u00e9e de lecture estim\u00e9e":"1 minute"},"schema":{"@context":"https:\/\/schema.org","@graph":[{"@type":"WebPage","@id":"https:\/\/la-freelancerie.fr\/2020\/11\/07\/soutenons-nos-commerces-projet-solidaire\/","url":"https:\/\/la-freelancerie.fr\/2020\/11\/07\/soutenons-nos-commerces-projet-solidaire\/","name":"\/\/ Soutenons nos commerces - Projet solidaire - par LA FREELANCERIE","isPartOf":{"@id":"https:\/\/la-freelancerie.fr\/fr\/#website"},"primaryImageOfPage":{"@id":"https:\/\/la-freelancerie.fr\/2020\/11\/07\/soutenons-nos-commerces-projet-solidaire\/#primaryimage"},"image":{"@id":"https:\/\/la-freelancerie.fr\/2020\/11\/07\/soutenons-nos-commerces-projet-solidaire\/#primaryimage"},"thumbnailUrl":"https:\/\/la-freelancerie.fr\/fr\/wp-content\/uploads\/2020\/11\/soutenons-nos-commerces-par-la-freelancerie.jpg","datePublished":"2020-11-07T12:59:18+00:00","dateModified":"2020-11-07T12:59:32+00:00","author":{"@id":"https:\/\/la-freelancerie.fr\/fr\/#\/schema\/person\/13ad9cdd285f7c48fa0cfc270d77dde5"},"description":"Soutenons nos commerces, plateforme de vente en ligne solidaire 100% gratuite pour les commer\u00e7ants ind\u00e9pendants. D\u00e9velopp\u00e9e et propos\u00e9e par La Freelancerie","breadcrumb":{"@id":"https:\/\/la-freelancerie.fr\/2020\/11\/07\/soutenons-nos-commerces-projet-solidaire\/#breadcrumb"},"inLanguage":"fr-FR","potentialAction":[{"@type":"ReadAction","target":["https:\/\/la-freelancerie.fr\/2020\/11\/07\/soutenons-nos-commerces-projet-solidaire\/"]}]},{"@type":"ImageObject","inLanguage":"fr-FR","@id":"https:\/\/la-freelancerie.fr\/2020\/11\/07\/soutenons-nos-commerces-projet-solidaire\/#primaryimage","url":"https:\/\/la-freelancerie.fr\/fr\/wp-content\/uploads\/2020\/11\/soutenons-nos-commerces-par-la-freelancerie.jpg","contentUrl":"https:\/\/la-freelancerie.fr\/fr\/wp-content\/uploads\/2020\/11\/soutenons-nos-commerces-par-la-freelancerie.jpg","width":840,"height":320,"caption":"Soutenons nos commerces par la Freelancerie"},{"@type":"BreadcrumbList","@id":"https:\/\/la-freelancerie.fr\/2020\/11\/07\/soutenons-nos-commerces-projet-solidaire\/#breadcrumb","itemListElement":[{"@type":"ListItem","position":1,"name":"Accueil","item":"https:\/\/la-freelancerie.fr\/la-freelancerie\/"},{"@type":"ListItem","position":2,"name":"\/\/ Soutenons nos commerces &#8211; Projet solidaire"}]},{"@type":"WebSite","@id":"https:\/\/la-freelancerie.fr\/fr\/#website","url":"https:\/\/la-freelancerie.fr\/fr\/","name":"LA FREELANCERIE","description":"Communication","potentialAction":[{"@type":"SearchAction","target":{"@type":"EntryPoint","urlTemplate":"https:\/\/la-freelancerie.fr\/fr\/?s={search_term_string}"},"query-input":"required name=search_term_string"}],"inLanguage":"fr-FR"},{"@type":"Person","@id":"https:\/\/la-freelancerie.fr\/fr\/#\/schema\/person\/13ad9cdd285f7c48fa0cfc270d77dde5","name":"LA FREELANCERIE","image":{"@type":"ImageObject","inLanguage":"fr-FR","@id":"https:\/\/la-freelancerie.fr\/fr\/#\/schema\/person\/image\/","url":"https:\/\/secure.gravatar.com\/avatar\/9649dbbfb80c1dffcc0bb6889072bcdd?s=96&d=mm&r=g","contentUrl":"https:\/\/secure.gravatar.com\/avatar\/9649dbbfb80c1dffcc0bb6889072bcdd?s=96&d=mm&r=g","caption":"LA FREELANCERIE"},"url":"https:\/\/la-freelancerie.fr\/fr\/author\/la-freelancerie\/"}]}},"_links":{"self":[{"href":"https:\/\/la-freelancerie.fr\/fr\/wp-json\/wp\/v2\/posts\/1330"}],"collection":[{"href":"https:\/\/la-freelancerie.fr\/fr\/wp-json\/wp\/v2\/posts"}],"about":[{"href":"https:\/\/la-freelancerie.fr\/fr\/wp-json\/wp\/v2\/types\/post"}],"author":[{"embeddable":true,"href":"https:\/\/la-freelancerie.fr\/fr\/wp-json\/wp\/v2\/users\/1"}],"replies":[{"embeddable":true,"href":"https:\/\/la-freelancerie.fr\/fr\/wp-json\/wp\/v2\/comments?post=1330"}],"version-history":[{"count":5,"href":"https:\/\/la-freelancerie.fr\/fr\/wp-json\/wp\/v2\/posts\/1330\/revisions"}],"predecessor-version":[{"id":1348,"href":"https:\/\/la-freelancerie.fr\/fr\/wp-json\/wp\/v2\/posts\/1330\/revisions\/1348"}],"wp:featuredmedia":[{"embeddable":true,"href":"https:\/\/la-freelancerie.fr\/fr\/wp-json\/wp\/v2\/media\/1338"}],"wp:attachment":[{"href":"https:\/\/la-freelancerie.fr\/fr\/wp-json\/wp\/v2\/media?parent=1330"}],"wp:term":[{"taxonomy":"category","embeddable":true,"href":"https:\/\/la-freelancerie.fr\/fr\/wp-json\/wp\/v2\/categories?post=1330"},{"taxonomy":"post_tag","embeddable":true,"href":"https:\/\/la-freelancerie.fr\/fr\/wp-json\/wp\/v2\/tags?post=1330"}],"curies":[{"name":"wp","href":"https:\/\/api.w.org\/{rel}","templated":true}]}}