{"id":1119,"date":"2020-04-30T14:21:07","date_gmt":"2020-04-30T12:21:07","guid":{"rendered":"https:\/\/la-freelancerie.fr\/fr\/?p=1119"},"modified":"2020-04-30T14:45:59","modified_gmt":"2020-04-30T12:45:59","slug":"zoom-sur-le-collectif-cyril","status":"publish","type":"post","link":"https:\/\/la-freelancerie.fr\/fr\/2020\/04\/30\/zoom-sur-le-collectif-cyril\/","title":{"rendered":"\/\/ Zoom sur le collectif : Cyril"},"content":{"rendered":"<h1><span style=\"font-size: 18pt; font-family: Helvetica;\">\/\/ Cyril L. &#8211; Consultant Storytelling &#8211; Collectif la Freelancerie<\/span><\/h1>\n<p><img decoding=\"async\" class=\"wp-image-1123 size-full\" src=\"https:\/\/la-freelancerie.fr\/fr\/wp-content\/uploads\/2020\/04\/cyril-lefevre-specialiste-storytelling-nantes-pays-de-la-loire-la-freelancerie.jpg\" alt=\"Cyril Lefevre, sp\u00e9cialiste consultant Storytelling - \u00e0 Nantes (Pays de la Loire - Collectif La Freelancerie\" width=\"840\" height=\"320\" srcset=\"https:\/\/la-freelancerie.fr\/fr\/wp-content\/uploads\/2020\/04\/cyril-lefevre-specialiste-storytelling-nantes-pays-de-la-loire-la-freelancerie.jpg 840w, https:\/\/la-freelancerie.fr\/fr\/wp-content\/uploads\/2020\/04\/cyril-lefevre-specialiste-storytelling-nantes-pays-de-la-loire-la-freelancerie-600x229.jpg 600w, https:\/\/la-freelancerie.fr\/fr\/wp-content\/uploads\/2020\/04\/cyril-lefevre-specialiste-storytelling-nantes-pays-de-la-loire-la-freelancerie-300x114.jpg 300w, https:\/\/la-freelancerie.fr\/fr\/wp-content\/uploads\/2020\/04\/cyril-lefevre-specialiste-storytelling-nantes-pays-de-la-loire-la-freelancerie-768x293.jpg 768w, https:\/\/la-freelancerie.fr\/fr\/wp-content\/uploads\/2020\/04\/cyril-lefevre-specialiste-storytelling-nantes-pays-de-la-loire-la-freelancerie-705x269.jpg 705w\" sizes=\"(max-width: 840px) 100vw, 840px\" \/><\/p>\n<blockquote>\n<h3 style=\"text-align: justify;\"><span style=\"font-size: 12pt; font-family: Helvetica;\">Qui es-tu ?<\/span><\/h3>\n<\/blockquote>\n<p><em><span style=\"font-size: 12pt; font-family: Helvetica;\">\u00ab\u00a0Hello ! Je suis Cyril Lef\u00e8vre, 33 ans, passionn\u00e9 par l\u2019Histoire et les relations humaines.\u00a0\u00bb<\/span><\/em><\/p>\n<blockquote>\n<h3 style=\"text-align: justify;\"><span style=\"font-size: 12pt; font-family: Helvetica;\">D\u2019o\u00f9 viens-tu ?<\/span><\/h3>\n<\/blockquote>\n<p><em><span style=\"font-size: 12pt; font-family: Helvetica;\">\u00ab\u00a0Mon histoire a d\u00e9but\u00e9 \u00e0 Paris avant de continuer au Mans dans la Sarthe. Aujourd\u2019hui, j\u2019\u00e9cris un nouveau chapitre de ma vie \u00e0 Nantes, ville que j\u2019appr\u00e9cie beaucoup pour son dynamisme et sa taille humaine.\u00a0\u00bb<\/span><\/em><\/p>\n<blockquote>\n<h3 style=\"text-align: justify;\"><span style=\"font-size: 12pt; font-family: Helvetica;\">Que fais-tu ?<\/span><\/h3>\n<\/blockquote>\n<p><em><span style=\"font-size: 12pt; font-family: Helvetica;\">\u00ab\u00a0Je suis consultant en communication digitale sp\u00e9cialis\u00e9e dans ce que l\u2019on appelle le storytelling (l\u2019art de raconter des histoires) et la cr\u00e9ation de contenu. En clair, j\u2019accompagne des entrepreneurs \u00e0 exprimer pleinement leur identit\u00e9, leur histoire ainsi que leurs valeurs pour les aider \u00e0 se d\u00e9marquer et \u00e0 capter l\u2019attention sur internet. L\u2019objectif ? Qu\u2019ils puissent d\u00e9velopper sereinement leur activit\u00e9 gr\u00e2ce \u00e0 la mise en place d\u2019un univers inspirant et captivant autour de leur activit\u00e9.\u00a0\u00bb<\/span><\/em><\/p>\n<blockquote>\n<h3 style=\"text-align: justify;\"><span style=\"font-size: 12pt; font-family: Helvetica;\">Qu\u2019est-ce qui t\u2019a pouss\u00e9 \u00e0 faire ce m\u00e9tier ?<\/span><\/h3>\n<\/blockquote>\n<p><em><span style=\"font-size: 12pt; font-family: Helvetica;\">\u00ab\u00a0Assur\u00e9ment ma passion pour les histoires en g\u00e9n\u00e9ral et les relations humaines. J\u2019adore rencontrer de nouvelles personnes, d\u00e9couvrir leur histoire et les aider \u00e0 la partager. Je trouve cela passionnant car je consid\u00e8re que l\u2019on a beaucoup de choses \u00e0 apprendre les uns des autres. Je ne me verrai absolument pas faire quelque chose o\u00f9 il n\u2019y a pas de connexion humaine \ud83d\ude42\u00a0\u00bb<\/span><\/em><\/p>\n<blockquote>\n<h3 style=\"text-align: justify;\"><span style=\"font-size: 12pt; font-family: Helvetica;\">Quelle est ta plus belle exp\u00e9rience dans la communication ?<\/span><\/h3>\n<\/blockquote>\n<p><em><span style=\"font-size: 12pt; font-family: Helvetica;\">\u00ab\u00a0Ma plus belle exp\u00e9rience ? Ce qui me vient spontan\u00e9ment, mon travail en tant que journaliste audiovisuel durant la derni\u00e8re campagne pr\u00e9sidentielle. J\u2019ai eu la chance de suivre l\u2019un des candidats \u00e0 l\u2019Elys\u00e9e et ce fut une p\u00e9riode tr\u00e8s intense et tr\u00e8s int\u00e9ressante en terme de stimulation. M\u00eame si la politique est un milieu tr\u00e8s particulier, je ne regrette absolument pas d\u2019avoir accept\u00e9 ce challenge m\u00eame si le r\u00e9sultat de ce dernier ne fut pas terrible \ud83d\ude42\u00a0\u00bb<\/span><\/em><\/p>\n<blockquote>\n<h3 style=\"text-align: justify;\"><span style=\"font-size: 12pt; font-family: Helvetica;\">Pourquoi as-tu rejoins la Freelancerie ?<\/span><\/h3>\n<\/blockquote>\n<p><em><span style=\"font-size: 12pt; font-family: Helvetica;\">\u00ab\u00a0J\u2019ai choisi de rejoindre la Freelancerie car je me suis totalement retrouv\u00e9 dans les valeurs d\u00e9fendues par le collectif. J\u2019aime cette id\u00e9e d\u2019accompagner des entrepreneurs qui souhaitent vivre de leur passion pour les aider \u00e0 r\u00e9aliser leur r\u00eave. Et puis comme le dit l\u2019expression, seul on va plus vite mais ensemble on va plus loin !\u00a0\u00bb<\/span><\/em><\/p>\n<hr \/>\n<p>\/\/PORTRAIT CHINOIS &#8211; Communication<\/p>\n<blockquote>\n<h3 style=\"text-align: justify;\"><span style=\"font-size: 12pt; font-family: Helvetica;\">Si tu \u00e9tais une application ? Pourquoi ? <\/span><\/h3>\n<\/blockquote>\n<p><em><span style=\"font-family: Helvetica; font-size: 12pt;\"><strong>Instagram <\/strong>car j\u2019adore tout le potentiel qu\u2019il y a pour justement partager des histoires et raconter l\u2019histoire de sa marque.<\/span><\/em><\/p>\n<blockquote>\n<h3 style=\"text-align: justify;\"><span style=\"font-size: 12pt; font-family: Helvetica;\">Si tu \u00e9tais un hashtag ? Pourquoi ?<\/span><\/h3>\n<\/blockquote>\n<p><span style=\"font-family: Helvetica; font-size: 12pt;\"><em><strong>#storytelling<\/strong> car comme je le disais, le fait de raconter des histoires est vraiment le truc qui me caract\u00e9rise le mieux et qui me procure le plus de plaisir.<\/em><\/span><\/p>\n<blockquote>\n<h3 style=\"text-align: justify;\"><span style=\"font-size: 12pt; font-family: Helvetica;\">Si tu \u00e9tais un emoji ? Pourquoi ? <\/span><\/h3>\n<\/blockquote>\n<p>?? <em><span style=\"font-family: Helvetica; font-size: 12pt;\">J\u2019aime beaucoup cet emoji car il repr\u00e9sente bien la connexion avec l\u2019autre, th\u00e8me qui est tr\u00e8s important pour moi.<\/span><\/em><\/p>\n<blockquote>\n<h3 style=\"text-align: justify;\"><span style=\"font-size: 12pt; font-family: Helvetica;\">Si tu \u00e9tais une histoire ? Pourquoi ?<\/span><\/h3>\n<\/blockquote>\n<p><span style=\"font-size: 12pt; font-family: Helvetica;\"><em><strong>La mienne<\/strong> car j\u2019en suis \ufb01er et qu\u2019il y a encore plein de chapitre \u00e0 \u00e9crire !<\/em><\/span><\/p>\n<blockquote>\n<h3 style=\"text-align: justify;\"><span style=\"font-size: 12pt; font-family: Helvetica;\">Si tu \u00e9tais un r\u00e9seau social ? Pourquoi ? <\/span><\/h3>\n<\/blockquote>\n<p><em><span style=\"font-size: 12pt; font-family: Helvetica;\"><strong>Instagram<\/strong> pour toutes les raisons cit\u00e9es au-dessus.<\/span><\/em><\/p>\n<blockquote>\n<h3 style=\"text-align: justify;\"><span style=\"font-size: 12pt; font-family: Helvetica;\">Tu es plut\u00f4t Team #Mac ou Team #PC ?<\/span><\/h3>\n<\/blockquote>\n<p><span style=\"font-size: 12pt; font-family: Helvetica;\"><em><strong>Team #Mac<\/strong> pour la simplicit\u00e9 d\u2019utilisation de tout l\u2019\u00e9cosyst\u00e8me. Et aussi pour l\u2019histoire de la marque et la raison d\u2019\u00eatre de celle-ci.<\/em><\/span><\/p>\n<hr \/>\n<p><span style=\"font-size: 12pt; font-family: Helvetica;\">Retrouvez nos r\u00e9alisations <a href=\"https:\/\/la-freelancerie.fr\/fr\/nos-realisations\/\">ici<\/a>\u00a0et suivez nos actualit\u00e9s sur notre page <a href=\"https:\/\/www.facebook.com\/lafreelancerie\/\">Facebook<\/a> et <a href=\"https:\/\/www.linkedin.com\/company\/37060186\/\">Linkedin<\/a>.<\/span><\/p>\n","protected":false},"excerpt":{"rendered":"<p>\/\/ Cyril L. &#8211; Consultant Storytelling &#8211; Collectif la Freelancerie Qui es-tu ? \u00ab\u00a0Hello ! Je suis Cyril Lef\u00e8vre, 33 ans, passionn\u00e9 par l\u2019Histoire et les relations humaines.\u00a0\u00bb D\u2019o\u00f9 viens-tu ? \u00ab\u00a0Mon histoire a d\u00e9but\u00e9 \u00e0 Paris avant de continuer au Mans dans la Sarthe. Aujourd\u2019hui, j\u2019\u00e9cris un nouveau chapitre de ma vie \u00e0 Nantes, [&hellip;]<\/p>\n","protected":false},"author":1,"featured_media":1123,"comment_status":"closed","ping_status":"closed","sticky":false,"template":"","format":"standard","meta":{"footnotes":""},"categories":[9],"tags":[],"yoast_head":"<!-- This site is optimized with the Yoast SEO plugin v22.4 - https:\/\/yoast.com\/wordpress\/plugins\/seo\/ -->\n<title>Zoom sur Cyril, Consultant Storytelling \u00e0 Nantes (44) - La Freelancerie<\/title>\n<meta name=\"description\" content=\"Cyril, Consultant Storytelling \u00e0 Nantes \/ Pays de la Loire - La Freelancerie - Communication. Ecrivez votre histoire gr\u00e2ce \u00e0 nous. Devis en ligne.\" \/>\n<meta name=\"robots\" content=\"index, follow, max-snippet:-1, max-image-preview:large, max-video-preview:-1\" \/>\n<link rel=\"canonical\" href=\"https:\/\/la-freelancerie.fr\/2020\/04\/30\/zoom-sur-le-collectif-cyril\/\" \/>\n<meta property=\"og:locale\" content=\"fr_FR\" \/>\n<meta property=\"og:type\" content=\"article\" \/>\n<meta property=\"og:title\" content=\"Zoom sur Cyril, Consultant Storytelling \u00e0 Nantes (44) - La Freelancerie\" \/>\n<meta property=\"og:description\" content=\"Cyril, Consultant Storytelling \u00e0 Nantes \/ Pays de la Loire - La Freelancerie - Communication. Ecrivez votre histoire gr\u00e2ce \u00e0 nous. Devis en ligne.\" \/>\n<meta property=\"og:url\" content=\"https:\/\/la-freelancerie.fr\/2020\/04\/30\/zoom-sur-le-collectif-cyril\/\" \/>\n<meta property=\"og:site_name\" content=\"LA FREELANCERIE\" \/>\n<meta property=\"article:published_time\" content=\"2020-04-30T12:21:07+00:00\" \/>\n<meta property=\"article:modified_time\" content=\"2020-04-30T12:45:59+00:00\" \/>\n<meta property=\"og:image\" content=\"https:\/\/la-freelancerie.fr\/wp-content\/uploads\/2020\/04\/cyril-lefevre-specialiste-storytelling-nantes-pays-de-la-loire-la-freelancerie.jpg\" \/>\n\t<meta property=\"og:image:width\" content=\"840\" \/>\n\t<meta property=\"og:image:height\" content=\"320\" \/>\n\t<meta property=\"og:image:type\" content=\"image\/jpeg\" \/>\n<meta name=\"author\" content=\"LA FREELANCERIE\" \/>\n<meta name=\"twitter:card\" content=\"summary_large_image\" \/>\n<meta name=\"twitter:label1\" content=\"\u00c9crit par\" \/>\n\t<meta name=\"twitter:data1\" content=\"LA FREELANCERIE\" \/>\n\t<meta name=\"twitter:label2\" content=\"Dur\u00e9e de lecture estim\u00e9e\" \/>\n\t<meta name=\"twitter:data2\" content=\"3 minutes\" \/>\n<script type=\"application\/ld+json\" class=\"yoast-schema-graph\">{\"@context\":\"https:\/\/schema.org\",\"@graph\":[{\"@type\":\"WebPage\",\"@id\":\"https:\/\/la-freelancerie.fr\/2020\/04\/30\/zoom-sur-le-collectif-cyril\/\",\"url\":\"https:\/\/la-freelancerie.fr\/2020\/04\/30\/zoom-sur-le-collectif-cyril\/\",\"name\":\"Zoom sur Cyril, Consultant Storytelling \u00e0 Nantes (44) - La Freelancerie\",\"isPartOf\":{\"@id\":\"https:\/\/la-freelancerie.fr\/fr\/#website\"},\"primaryImageOfPage\":{\"@id\":\"https:\/\/la-freelancerie.fr\/2020\/04\/30\/zoom-sur-le-collectif-cyril\/#primaryimage\"},\"image\":{\"@id\":\"https:\/\/la-freelancerie.fr\/2020\/04\/30\/zoom-sur-le-collectif-cyril\/#primaryimage\"},\"thumbnailUrl\":\"https:\/\/la-freelancerie.fr\/fr\/wp-content\/uploads\/2020\/04\/cyril-lefevre-specialiste-storytelling-nantes-pays-de-la-loire-la-freelancerie.jpg\",\"datePublished\":\"2020-04-30T12:21:07+00:00\",\"dateModified\":\"2020-04-30T12:45:59+00:00\",\"author\":{\"@id\":\"https:\/\/la-freelancerie.fr\/fr\/#\/schema\/person\/13ad9cdd285f7c48fa0cfc270d77dde5\"},\"description\":\"Cyril, Consultant Storytelling \u00e0 Nantes \/ Pays de la Loire - La Freelancerie - Communication. Ecrivez votre histoire gr\u00e2ce \u00e0 nous. Devis en ligne.\",\"breadcrumb\":{\"@id\":\"https:\/\/la-freelancerie.fr\/2020\/04\/30\/zoom-sur-le-collectif-cyril\/#breadcrumb\"},\"inLanguage\":\"fr-FR\",\"potentialAction\":[{\"@type\":\"ReadAction\",\"target\":[\"https:\/\/la-freelancerie.fr\/2020\/04\/30\/zoom-sur-le-collectif-cyril\/\"]}]},{\"@type\":\"ImageObject\",\"inLanguage\":\"fr-FR\",\"@id\":\"https:\/\/la-freelancerie.fr\/2020\/04\/30\/zoom-sur-le-collectif-cyril\/#primaryimage\",\"url\":\"https:\/\/la-freelancerie.fr\/fr\/wp-content\/uploads\/2020\/04\/cyril-lefevre-specialiste-storytelling-nantes-pays-de-la-loire-la-freelancerie.jpg\",\"contentUrl\":\"https:\/\/la-freelancerie.fr\/fr\/wp-content\/uploads\/2020\/04\/cyril-lefevre-specialiste-storytelling-nantes-pays-de-la-loire-la-freelancerie.jpg\",\"width\":840,\"height\":320,\"caption\":\"Cyril Lefevre, sp\u00e9cialiste consultant Storytelling - \u00e0 Nantes (Pays de la Loire - Collectif La Freelancerie\"},{\"@type\":\"BreadcrumbList\",\"@id\":\"https:\/\/la-freelancerie.fr\/2020\/04\/30\/zoom-sur-le-collectif-cyril\/#breadcrumb\",\"itemListElement\":[{\"@type\":\"ListItem\",\"position\":1,\"name\":\"Accueil\",\"item\":\"https:\/\/la-freelancerie.fr\/la-freelancerie\/\"},{\"@type\":\"ListItem\",\"position\":2,\"name\":\"\/\/ Zoom sur le collectif : Cyril\"}]},{\"@type\":\"WebSite\",\"@id\":\"https:\/\/la-freelancerie.fr\/fr\/#website\",\"url\":\"https:\/\/la-freelancerie.fr\/fr\/\",\"name\":\"LA FREELANCERIE\",\"description\":\"Communication\",\"potentialAction\":[{\"@type\":\"SearchAction\",\"target\":{\"@type\":\"EntryPoint\",\"urlTemplate\":\"https:\/\/la-freelancerie.fr\/fr\/?s={search_term_string}\"},\"query-input\":\"required name=search_term_string\"}],\"inLanguage\":\"fr-FR\"},{\"@type\":\"Person\",\"@id\":\"https:\/\/la-freelancerie.fr\/fr\/#\/schema\/person\/13ad9cdd285f7c48fa0cfc270d77dde5\",\"name\":\"LA FREELANCERIE\",\"image\":{\"@type\":\"ImageObject\",\"inLanguage\":\"fr-FR\",\"@id\":\"https:\/\/la-freelancerie.fr\/fr\/#\/schema\/person\/image\/\",\"url\":\"https:\/\/secure.gravatar.com\/avatar\/9649dbbfb80c1dffcc0bb6889072bcdd?s=96&d=mm&r=g\",\"contentUrl\":\"https:\/\/secure.gravatar.com\/avatar\/9649dbbfb80c1dffcc0bb6889072bcdd?s=96&d=mm&r=g\",\"caption\":\"LA FREELANCERIE\"},\"url\":\"https:\/\/la-freelancerie.fr\/fr\/author\/la-freelancerie\/\"}]}<\/script>\n<!-- \/ Yoast SEO plugin. -->","yoast_head_json":{"title":"Zoom sur Cyril, Consultant Storytelling \u00e0 Nantes (44) - La Freelancerie","description":"Cyril, Consultant Storytelling \u00e0 Nantes \/ Pays de la Loire - La Freelancerie - Communication. Ecrivez votre histoire gr\u00e2ce \u00e0 nous. Devis en ligne.","robots":{"index":"index","follow":"follow","max-snippet":"max-snippet:-1","max-image-preview":"max-image-preview:large","max-video-preview":"max-video-preview:-1"},"canonical":"https:\/\/la-freelancerie.fr\/2020\/04\/30\/zoom-sur-le-collectif-cyril\/","og_locale":"fr_FR","og_type":"article","og_title":"Zoom sur Cyril, Consultant Storytelling \u00e0 Nantes (44) - La Freelancerie","og_description":"Cyril, Consultant Storytelling \u00e0 Nantes \/ Pays de la Loire - La Freelancerie - Communication. Ecrivez votre histoire gr\u00e2ce \u00e0 nous. Devis en ligne.","og_url":"https:\/\/la-freelancerie.fr\/2020\/04\/30\/zoom-sur-le-collectif-cyril\/","og_site_name":"LA FREELANCERIE","article_published_time":"2020-04-30T12:21:07+00:00","article_modified_time":"2020-04-30T12:45:59+00:00","og_image":[{"width":840,"height":320,"url":"https:\/\/la-freelancerie.fr\/wp-content\/uploads\/2020\/04\/cyril-lefevre-specialiste-storytelling-nantes-pays-de-la-loire-la-freelancerie.jpg","type":"image\/jpeg"}],"author":"LA FREELANCERIE","twitter_card":"summary_large_image","twitter_misc":{"\u00c9crit par":"LA FREELANCERIE","Dur\u00e9e de lecture estim\u00e9e":"3 minutes"},"schema":{"@context":"https:\/\/schema.org","@graph":[{"@type":"WebPage","@id":"https:\/\/la-freelancerie.fr\/2020\/04\/30\/zoom-sur-le-collectif-cyril\/","url":"https:\/\/la-freelancerie.fr\/2020\/04\/30\/zoom-sur-le-collectif-cyril\/","name":"Zoom sur Cyril, Consultant Storytelling \u00e0 Nantes (44) - La Freelancerie","isPartOf":{"@id":"https:\/\/la-freelancerie.fr\/fr\/#website"},"primaryImageOfPage":{"@id":"https:\/\/la-freelancerie.fr\/2020\/04\/30\/zoom-sur-le-collectif-cyril\/#primaryimage"},"image":{"@id":"https:\/\/la-freelancerie.fr\/2020\/04\/30\/zoom-sur-le-collectif-cyril\/#primaryimage"},"thumbnailUrl":"https:\/\/la-freelancerie.fr\/fr\/wp-content\/uploads\/2020\/04\/cyril-lefevre-specialiste-storytelling-nantes-pays-de-la-loire-la-freelancerie.jpg","datePublished":"2020-04-30T12:21:07+00:00","dateModified":"2020-04-30T12:45:59+00:00","author":{"@id":"https:\/\/la-freelancerie.fr\/fr\/#\/schema\/person\/13ad9cdd285f7c48fa0cfc270d77dde5"},"description":"Cyril, Consultant Storytelling \u00e0 Nantes \/ Pays de la Loire - La Freelancerie - Communication. Ecrivez votre histoire gr\u00e2ce \u00e0 nous. Devis en ligne.","breadcrumb":{"@id":"https:\/\/la-freelancerie.fr\/2020\/04\/30\/zoom-sur-le-collectif-cyril\/#breadcrumb"},"inLanguage":"fr-FR","potentialAction":[{"@type":"ReadAction","target":["https:\/\/la-freelancerie.fr\/2020\/04\/30\/zoom-sur-le-collectif-cyril\/"]}]},{"@type":"ImageObject","inLanguage":"fr-FR","@id":"https:\/\/la-freelancerie.fr\/2020\/04\/30\/zoom-sur-le-collectif-cyril\/#primaryimage","url":"https:\/\/la-freelancerie.fr\/fr\/wp-content\/uploads\/2020\/04\/cyril-lefevre-specialiste-storytelling-nantes-pays-de-la-loire-la-freelancerie.jpg","contentUrl":"https:\/\/la-freelancerie.fr\/fr\/wp-content\/uploads\/2020\/04\/cyril-lefevre-specialiste-storytelling-nantes-pays-de-la-loire-la-freelancerie.jpg","width":840,"height":320,"caption":"Cyril Lefevre, sp\u00e9cialiste consultant Storytelling - \u00e0 Nantes (Pays de la Loire - Collectif La Freelancerie"},{"@type":"BreadcrumbList","@id":"https:\/\/la-freelancerie.fr\/2020\/04\/30\/zoom-sur-le-collectif-cyril\/#breadcrumb","itemListElement":[{"@type":"ListItem","position":1,"name":"Accueil","item":"https:\/\/la-freelancerie.fr\/la-freelancerie\/"},{"@type":"ListItem","position":2,"name":"\/\/ Zoom sur le collectif : Cyril"}]},{"@type":"WebSite","@id":"https:\/\/la-freelancerie.fr\/fr\/#website","url":"https:\/\/la-freelancerie.fr\/fr\/","name":"LA FREELANCERIE","description":"Communication","potentialAction":[{"@type":"SearchAction","target":{"@type":"EntryPoint","urlTemplate":"https:\/\/la-freelancerie.fr\/fr\/?s={search_term_string}"},"query-input":"required name=search_term_string"}],"inLanguage":"fr-FR"},{"@type":"Person","@id":"https:\/\/la-freelancerie.fr\/fr\/#\/schema\/person\/13ad9cdd285f7c48fa0cfc270d77dde5","name":"LA FREELANCERIE","image":{"@type":"ImageObject","inLanguage":"fr-FR","@id":"https:\/\/la-freelancerie.fr\/fr\/#\/schema\/person\/image\/","url":"https:\/\/secure.gravatar.com\/avatar\/9649dbbfb80c1dffcc0bb6889072bcdd?s=96&d=mm&r=g","contentUrl":"https:\/\/secure.gravatar.com\/avatar\/9649dbbfb80c1dffcc0bb6889072bcdd?s=96&d=mm&r=g","caption":"LA FREELANCERIE"},"url":"https:\/\/la-freelancerie.fr\/fr\/author\/la-freelancerie\/"}]}},"_links":{"self":[{"href":"https:\/\/la-freelancerie.fr\/fr\/wp-json\/wp\/v2\/posts\/1119"}],"collection":[{"href":"https:\/\/la-freelancerie.fr\/fr\/wp-json\/wp\/v2\/posts"}],"about":[{"href":"https:\/\/la-freelancerie.fr\/fr\/wp-json\/wp\/v2\/types\/post"}],"author":[{"embeddable":true,"href":"https:\/\/la-freelancerie.fr\/fr\/wp-json\/wp\/v2\/users\/1"}],"replies":[{"embeddable":true,"href":"https:\/\/la-freelancerie.fr\/fr\/wp-json\/wp\/v2\/comments?post=1119"}],"version-history":[{"count":5,"href":"https:\/\/la-freelancerie.fr\/fr\/wp-json\/wp\/v2\/posts\/1119\/revisions"}],"predecessor-version":[{"id":1128,"href":"https:\/\/la-freelancerie.fr\/fr\/wp-json\/wp\/v2\/posts\/1119\/revisions\/1128"}],"wp:featuredmedia":[{"embeddable":true,"href":"https:\/\/la-freelancerie.fr\/fr\/wp-json\/wp\/v2\/media\/1123"}],"wp:attachment":[{"href":"https:\/\/la-freelancerie.fr\/fr\/wp-json\/wp\/v2\/media?parent=1119"}],"wp:term":[{"taxonomy":"category","embeddable":true,"href":"https:\/\/la-freelancerie.fr\/fr\/wp-json\/wp\/v2\/categories?post=1119"},{"taxonomy":"post_tag","embeddable":true,"href":"https:\/\/la-freelancerie.fr\/fr\/wp-json\/wp\/v2\/tags?post=1119"}],"curies":[{"name":"wp","href":"https:\/\/api.w.org\/{rel}","templated":true}]}}