{"id":1107,"date":"2020-04-22T12:15:04","date_gmt":"2020-04-22T10:15:04","guid":{"rendered":"https:\/\/la-freelancerie.fr\/fr\/?p=1107"},"modified":"2020-04-22T12:20:14","modified_gmt":"2020-04-22T10:20:14","slug":"zoom-sur-le-collectif-noemie","status":"publish","type":"post","link":"https:\/\/la-freelancerie.fr\/fr\/2020\/04\/22\/zoom-sur-le-collectif-noemie\/","title":{"rendered":"\/\/ Zoom sur le collectif : No\u00e9mie"},"content":{"rendered":"<h1><span style=\"font-size: 18pt; font-family: Helvetica;\">\/\/ No\u00e9mie A. &#8211; Webdesigner &#8211; Collectif la Freelancerie<\/span><\/h1>\n<p><img decoding=\"async\" class=\"wp-image-1113 size-full\" src=\"https:\/\/la-freelancerie.fr\/fr\/wp-content\/uploads\/2020\/04\/noemie-webdesigner-infographiste-larochesuryon-onnodesign-la-freelancerie-1-1.jpg\" alt=\"No\u00e9mie Webdesigner \u00e0 La Roche sur Yon (Vend\u00e9e) - LA FREELANCERIE\" width=\"840\" height=\"320\" srcset=\"https:\/\/la-freelancerie.fr\/fr\/wp-content\/uploads\/2020\/04\/noemie-webdesigner-infographiste-larochesuryon-onnodesign-la-freelancerie-1-1.jpg 840w, https:\/\/la-freelancerie.fr\/fr\/wp-content\/uploads\/2020\/04\/noemie-webdesigner-infographiste-larochesuryon-onnodesign-la-freelancerie-1-1-600x229.jpg 600w, https:\/\/la-freelancerie.fr\/fr\/wp-content\/uploads\/2020\/04\/noemie-webdesigner-infographiste-larochesuryon-onnodesign-la-freelancerie-1-1-300x114.jpg 300w, https:\/\/la-freelancerie.fr\/fr\/wp-content\/uploads\/2020\/04\/noemie-webdesigner-infographiste-larochesuryon-onnodesign-la-freelancerie-1-1-768x293.jpg 768w, https:\/\/la-freelancerie.fr\/fr\/wp-content\/uploads\/2020\/04\/noemie-webdesigner-infographiste-larochesuryon-onnodesign-la-freelancerie-1-1-705x269.jpg 705w\" sizes=\"(max-width: 840px) 100vw, 840px\" \/><\/p>\n<blockquote>\n<h3 style=\"text-align: justify;\"><span style=\"font-family: Helvetica; font-size: 12pt;\">Qui es-tu?<\/span><\/h3>\n<\/blockquote>\n<p><em><span style=\"font-family: Helvetica; font-size: 12pt;\">\u00ab\u00a0Bonjour,<br \/>\nJe m\u2019appelle No\u00e9mie et j\u2019ai 21 ans.\u00a0\u00bb<\/span><\/em><\/p>\n<blockquote>\n<h3 style=\"text-align: justify;\"><span style=\"font-family: Helvetica; font-size: 12pt;\">D\u2019o\u00f9 viens-tu?<\/span><\/h3>\n<\/blockquote>\n<p><em><span style=\"font-family: Helvetica; font-size: 12pt;\">\u00ab\u00a0Je viens de la ROCHE-SUR-YON, en Vend\u00e9e (85) !\u00a0\u00bb<\/span><\/em><\/p>\n<blockquote>\n<h3><span style=\"font-family: Helvetica; font-size: 12pt;\">Que fais-tu? <\/span><\/h3>\n<\/blockquote>\n<p><span style=\"font-family: Helvetica; font-size: 12pt;\"><em>\u00ab\u00a0Je suis Webdesigner !\u00a0\u00bb<\/em><\/span><\/p>\n<blockquote>\n<h3 style=\"text-align: justify;\"><span style=\"font-family: Helvetica; font-size: 12pt;\">Qu\u2019est-ce que tu aimes dans ce m\u00e9tier?<\/span><\/h3>\n<\/blockquote>\n<p><em><span style=\"font-family: Helvetica; font-size: 12pt;\">\u00ab\u00a0Passer des heures \u00e0 trouver des id\u00e9es. M\u00eame si l\u2019envie de faire est pourtant \u00e0 son maximum, il m\u2019arrive de m\u2019agacer car l\u2019inspiration ne vient pas &#8230; Le syndrome de la page blanche, ou plut\u00f4t de l\u2019\u00e9cran blanc, \u00e7a arrive aussi !! Mais surtout, j\u2019aime voir le r\u00e9sultat de mes cr\u00e9ations.\u00a0\u00bb<\/span><\/em><\/p>\n<blockquote>\n<h3 style=\"text-align: justify;\"><span style=\"font-family: Helvetica; font-size: 12pt;\">Quelle est ta plus belle exp\u00e9rience dans la communication?<\/span><\/h3>\n<\/blockquote>\n<p><em><span style=\"font-family: Helvetica; font-size: 12pt;\">\u00ab\u00a0Ma plus belle exp\u00e9rience est d&rsquo;avoir rejoint la Freelancerie.\u00a0\u00bb<\/span><\/em><\/p>\n<blockquote>\n<h3 style=\"text-align: justify;\"><span style=\"font-family: Helvetica; font-size: 12pt;\">Pourquoi as-tu rejoins la Freelancerie?<\/span><\/h3>\n<\/blockquote>\n<p><em><span style=\"font-family: Helvetica; font-size: 12pt;\">\u00ab\u00a0Pour partager mon savoir faire, en apprendre des autres et exprimer ma cr\u00e9ativit\u00e9 librement.\u00a0\u00bb<\/span><\/em><\/p>\n<hr \/>\n<h3 style=\"text-align: justify;\"><span style=\"font-family: Helvetica; font-size: 14pt;\">\/\/ PORTRAIT CHINOIS &#8211; Communication<\/span><\/h3>\n<blockquote>\n<p style=\"text-align: justify;\"><strong><span style=\"font-family: Helvetica; font-size: 12pt;\">Si tu \u00e9tais une application? Pourquoi?<\/span><\/strong><\/p>\n<\/blockquote>\n<p><span style=\"font-family: Helvetica; font-size: 12pt;\">Je dirai&#8230; <strong>Instagram<\/strong>. Je vois les choses d\u2019un point de vue esth\u00e9tique&#8230; \u00e7a ne veut pas dire que je suis une personne superficielle ! \u00c7a signifie plut\u00f4t que je sais appr\u00e9cier les petites choses de la vie qui sont pleine de beaut\u00e9, comme un coucher de soleil sur la plage, un Graff sur un mur ou une salade estivale aux aliments color\u00e9s. J\u2019ai l\u2019\u00e2me d\u2019une artiste et Instagram me permet d\u2019exploiter ces petits talents au maximum!<\/span><\/p>\n<blockquote>\n<p style=\"text-align: justify;\"><strong><span style=\"font-family: Helvetica; font-size: 12pt;\">Si tu \u00e9tais un hashtag ? Pourquoi?<\/span><\/strong><\/p>\n<\/blockquote>\n<p><span style=\"font-family: Helvetica; font-size: 12pt;\"><strong>#nofilter<\/strong>, car je suis une personne sans filtre.\u00a0\u00bb<\/span><\/p>\n<blockquote>\n<p style=\"text-align: justify;\"><strong><span style=\"font-family: Helvetica; font-size: 12pt;\">Si tu \u00e9tais un emoji ? Pourquoi?<\/span><\/strong><\/p>\n<\/blockquote>\n<p><span style=\"font-family: Helvetica; font-size: 12pt;\">? : Car quand \u00e7a ne va pas dans mon sens, \u00e7a ne me plait pas &#8230; J\u2019aime atteindre mes objectifs.<\/span><\/p>\n<blockquote>\n<p style=\"text-align: justify;\"><strong><span style=\"font-family: Helvetica; font-size: 12pt;\">Si tu \u00e9tais un r\u00e9seau social ? Pourquoi?<\/span><\/strong><\/p>\n<\/blockquote>\n<p><span style=\"font-family: Helvetica; font-size: 12pt;\"><strong>Behance<\/strong>. C\u2019est LE r\u00e9seau social cr\u00e9atif. Avec des cr\u00e9atifs de tous horizons. C\u2019est une galerie d\u2019art num\u00e9rique !<\/span><\/p>\n<blockquote>\n<p style=\"text-align: justify;\"><strong><span style=\"font-family: Helvetica; font-size: 12pt;\">Si tu \u00e9tais un site internet ? Pourquoi?<\/span><\/strong><\/p>\n<\/blockquote>\n<p><span style=\"font-family: Helvetica; font-size: 12pt;\"><a href=\"http:\/\/www.onnodesign.fr\"><strong>Le mien<\/strong><\/a>, \u00e9videmment. L\u00e0 o\u00f9 se trouvent toutes mes cr\u00e9ations.<\/span><\/p>\n<blockquote><p><strong><span style=\"font-family: Helvetica; font-size: 12pt;\">Tu es plut\u00f4t Team #Mac ou Team #PC ?<\/span><\/strong><\/p><\/blockquote>\n<p><span style=\"font-family: Helvetica; font-size: 12pt;\"><strong>Mac<\/strong> pour les petits d\u00e9tails qui savent faire la diff\u00e9rence.<\/span><br \/>\n<span style=\"font-family: Helvetica; font-size: 12pt;\"><strong>PC<\/strong> pour la facilit\u00e9 d\u2019utilisation et la simplicit\u00e9<\/span><\/p>\n<hr \/>\n<p><span style=\"font-size: 12pt; font-family: Helvetica;\">Retrouvez nos r\u00e9alisations <a href=\"https:\/\/la-freelancerie.fr\/fr\/nos-realisations\/\">ici<\/a>\u00a0et suivez nos actualit\u00e9s sur notre page <a href=\"https:\/\/www.facebook.com\/lafreelancerie\/\">Facebook<\/a> et <a href=\"https:\/\/www.linkedin.com\/company\/37060186\/\">Linkedin<\/a>.<\/span><\/p>\n<p>&nbsp;<\/p>\n","protected":false},"excerpt":{"rendered":"<p>\/\/ No\u00e9mie A. &#8211; Webdesigner &#8211; Collectif la Freelancerie Qui es-tu? \u00ab\u00a0Bonjour, Je m\u2019appelle No\u00e9mie et j\u2019ai 21 ans.\u00a0\u00bb D\u2019o\u00f9 viens-tu? \u00ab\u00a0Je viens de la ROCHE-SUR-YON, en Vend\u00e9e (85) !\u00a0\u00bb Que fais-tu? \u00ab\u00a0Je suis Webdesigner !\u00a0\u00bb Qu\u2019est-ce que tu aimes dans ce m\u00e9tier? \u00ab\u00a0Passer des heures \u00e0 trouver des id\u00e9es. M\u00eame si l\u2019envie de faire [&hellip;]<\/p>\n","protected":false},"author":1,"featured_media":1108,"comment_status":"closed","ping_status":"closed","sticky":false,"template":"","format":"standard","meta":{"footnotes":""},"categories":[9],"tags":[],"yoast_head":"<!-- This site is optimized with the Yoast SEO plugin v22.4 - https:\/\/yoast.com\/wordpress\/plugins\/seo\/ -->\n<title>Zoom sur No\u00e9mie A, Webdesigner \u00e0 La Roche sur Yon - La Freelancerie<\/title>\n<meta name=\"description\" content=\"Zoom sur No\u00e9mie A., Webdesigner professionnel \u00e0 LA ROCHE SUR YON, Vend\u00e9e (85) - Membre du collectif La Freelancerie - communication. Devis en ligne !\" \/>\n<meta name=\"robots\" content=\"index, follow, max-snippet:-1, max-image-preview:large, max-video-preview:-1\" \/>\n<link rel=\"canonical\" href=\"https:\/\/la-freelancerie.fr\/2020\/04\/22\/zoom-sur-le-collectif-noemie\/\" \/>\n<meta property=\"og:locale\" content=\"fr_FR\" \/>\n<meta property=\"og:type\" content=\"article\" \/>\n<meta property=\"og:title\" content=\"Zoom sur No\u00e9mie A, Webdesigner \u00e0 La Roche sur Yon - La Freelancerie\" \/>\n<meta property=\"og:description\" content=\"Zoom sur No\u00e9mie A., Webdesigner professionnel \u00e0 LA ROCHE SUR YON, Vend\u00e9e (85) - Membre du collectif La Freelancerie - communication. Devis en ligne !\" \/>\n<meta property=\"og:url\" content=\"https:\/\/la-freelancerie.fr\/2020\/04\/22\/zoom-sur-le-collectif-noemie\/\" \/>\n<meta property=\"og:site_name\" content=\"LA FREELANCERIE\" \/>\n<meta property=\"article:published_time\" content=\"2020-04-22T10:15:04+00:00\" \/>\n<meta property=\"article:modified_time\" content=\"2020-04-22T10:20:14+00:00\" \/>\n<meta property=\"og:image\" content=\"https:\/\/la-freelancerie.fr\/wp-content\/uploads\/2020\/04\/noemie-webdesigner-infographiste-larochesuryon-onnodesign-la-freelancerie.jpg\" \/>\n\t<meta property=\"og:image:width\" content=\"840\" \/>\n\t<meta property=\"og:image:height\" content=\"320\" \/>\n\t<meta property=\"og:image:type\" content=\"image\/jpeg\" \/>\n<meta name=\"author\" content=\"LA FREELANCERIE\" \/>\n<meta name=\"twitter:card\" content=\"summary_large_image\" \/>\n<meta name=\"twitter:label1\" content=\"\u00c9crit par\" \/>\n\t<meta name=\"twitter:data1\" content=\"LA FREELANCERIE\" \/>\n\t<meta name=\"twitter:label2\" content=\"Dur\u00e9e de lecture estim\u00e9e\" \/>\n\t<meta name=\"twitter:data2\" content=\"2 minutes\" \/>\n<script type=\"application\/ld+json\" class=\"yoast-schema-graph\">{\"@context\":\"https:\/\/schema.org\",\"@graph\":[{\"@type\":\"WebPage\",\"@id\":\"https:\/\/la-freelancerie.fr\/2020\/04\/22\/zoom-sur-le-collectif-noemie\/\",\"url\":\"https:\/\/la-freelancerie.fr\/2020\/04\/22\/zoom-sur-le-collectif-noemie\/\",\"name\":\"Zoom sur No\u00e9mie A, Webdesigner \u00e0 La Roche sur Yon - La Freelancerie\",\"isPartOf\":{\"@id\":\"https:\/\/la-freelancerie.fr\/fr\/#website\"},\"primaryImageOfPage\":{\"@id\":\"https:\/\/la-freelancerie.fr\/2020\/04\/22\/zoom-sur-le-collectif-noemie\/#primaryimage\"},\"image\":{\"@id\":\"https:\/\/la-freelancerie.fr\/2020\/04\/22\/zoom-sur-le-collectif-noemie\/#primaryimage\"},\"thumbnailUrl\":\"https:\/\/la-freelancerie.fr\/fr\/wp-content\/uploads\/2020\/04\/noemie-webdesigner-infographiste-larochesuryon-onnodesign-la-freelancerie.jpg\",\"datePublished\":\"2020-04-22T10:15:04+00:00\",\"dateModified\":\"2020-04-22T10:20:14+00:00\",\"author\":{\"@id\":\"https:\/\/la-freelancerie.fr\/fr\/#\/schema\/person\/13ad9cdd285f7c48fa0cfc270d77dde5\"},\"description\":\"Zoom sur No\u00e9mie A., Webdesigner professionnel \u00e0 LA ROCHE SUR YON, Vend\u00e9e (85) - Membre du collectif La Freelancerie - communication. Devis en ligne !\",\"breadcrumb\":{\"@id\":\"https:\/\/la-freelancerie.fr\/2020\/04\/22\/zoom-sur-le-collectif-noemie\/#breadcrumb\"},\"inLanguage\":\"fr-FR\",\"potentialAction\":[{\"@type\":\"ReadAction\",\"target\":[\"https:\/\/la-freelancerie.fr\/2020\/04\/22\/zoom-sur-le-collectif-noemie\/\"]}]},{\"@type\":\"ImageObject\",\"inLanguage\":\"fr-FR\",\"@id\":\"https:\/\/la-freelancerie.fr\/2020\/04\/22\/zoom-sur-le-collectif-noemie\/#primaryimage\",\"url\":\"https:\/\/la-freelancerie.fr\/fr\/wp-content\/uploads\/2020\/04\/noemie-webdesigner-infographiste-larochesuryon-onnodesign-la-freelancerie.jpg\",\"contentUrl\":\"https:\/\/la-freelancerie.fr\/fr\/wp-content\/uploads\/2020\/04\/noemie-webdesigner-infographiste-larochesuryon-onnodesign-la-freelancerie.jpg\",\"width\":840,\"height\":320,\"caption\":\"No\u00e9mie Webdesigner \u00e0 La Roche sur Yon (Vend\u00e9e) - LA FREELANCERIE\"},{\"@type\":\"BreadcrumbList\",\"@id\":\"https:\/\/la-freelancerie.fr\/2020\/04\/22\/zoom-sur-le-collectif-noemie\/#breadcrumb\",\"itemListElement\":[{\"@type\":\"ListItem\",\"position\":1,\"name\":\"Accueil\",\"item\":\"https:\/\/la-freelancerie.fr\/la-freelancerie\/\"},{\"@type\":\"ListItem\",\"position\":2,\"name\":\"\/\/ Zoom sur le collectif : No\u00e9mie\"}]},{\"@type\":\"WebSite\",\"@id\":\"https:\/\/la-freelancerie.fr\/fr\/#website\",\"url\":\"https:\/\/la-freelancerie.fr\/fr\/\",\"name\":\"LA FREELANCERIE\",\"description\":\"Communication\",\"potentialAction\":[{\"@type\":\"SearchAction\",\"target\":{\"@type\":\"EntryPoint\",\"urlTemplate\":\"https:\/\/la-freelancerie.fr\/fr\/?s={search_term_string}\"},\"query-input\":\"required name=search_term_string\"}],\"inLanguage\":\"fr-FR\"},{\"@type\":\"Person\",\"@id\":\"https:\/\/la-freelancerie.fr\/fr\/#\/schema\/person\/13ad9cdd285f7c48fa0cfc270d77dde5\",\"name\":\"LA FREELANCERIE\",\"image\":{\"@type\":\"ImageObject\",\"inLanguage\":\"fr-FR\",\"@id\":\"https:\/\/la-freelancerie.fr\/fr\/#\/schema\/person\/image\/\",\"url\":\"https:\/\/secure.gravatar.com\/avatar\/9649dbbfb80c1dffcc0bb6889072bcdd?s=96&d=mm&r=g\",\"contentUrl\":\"https:\/\/secure.gravatar.com\/avatar\/9649dbbfb80c1dffcc0bb6889072bcdd?s=96&d=mm&r=g\",\"caption\":\"LA FREELANCERIE\"},\"url\":\"https:\/\/la-freelancerie.fr\/fr\/author\/la-freelancerie\/\"}]}<\/script>\n<!-- \/ Yoast SEO plugin. -->","yoast_head_json":{"title":"Zoom sur No\u00e9mie A, Webdesigner \u00e0 La Roche sur Yon - La Freelancerie","description":"Zoom sur No\u00e9mie A., Webdesigner professionnel \u00e0 LA ROCHE SUR YON, Vend\u00e9e (85) - Membre du collectif La Freelancerie - communication. Devis en ligne !","robots":{"index":"index","follow":"follow","max-snippet":"max-snippet:-1","max-image-preview":"max-image-preview:large","max-video-preview":"max-video-preview:-1"},"canonical":"https:\/\/la-freelancerie.fr\/2020\/04\/22\/zoom-sur-le-collectif-noemie\/","og_locale":"fr_FR","og_type":"article","og_title":"Zoom sur No\u00e9mie A, Webdesigner \u00e0 La Roche sur Yon - La Freelancerie","og_description":"Zoom sur No\u00e9mie A., Webdesigner professionnel \u00e0 LA ROCHE SUR YON, Vend\u00e9e (85) - Membre du collectif La Freelancerie - communication. Devis en ligne !","og_url":"https:\/\/la-freelancerie.fr\/2020\/04\/22\/zoom-sur-le-collectif-noemie\/","og_site_name":"LA FREELANCERIE","article_published_time":"2020-04-22T10:15:04+00:00","article_modified_time":"2020-04-22T10:20:14+00:00","og_image":[{"width":840,"height":320,"url":"https:\/\/la-freelancerie.fr\/wp-content\/uploads\/2020\/04\/noemie-webdesigner-infographiste-larochesuryon-onnodesign-la-freelancerie.jpg","type":"image\/jpeg"}],"author":"LA FREELANCERIE","twitter_card":"summary_large_image","twitter_misc":{"\u00c9crit par":"LA FREELANCERIE","Dur\u00e9e de lecture estim\u00e9e":"2 minutes"},"schema":{"@context":"https:\/\/schema.org","@graph":[{"@type":"WebPage","@id":"https:\/\/la-freelancerie.fr\/2020\/04\/22\/zoom-sur-le-collectif-noemie\/","url":"https:\/\/la-freelancerie.fr\/2020\/04\/22\/zoom-sur-le-collectif-noemie\/","name":"Zoom sur No\u00e9mie A, Webdesigner \u00e0 La Roche sur Yon - La Freelancerie","isPartOf":{"@id":"https:\/\/la-freelancerie.fr\/fr\/#website"},"primaryImageOfPage":{"@id":"https:\/\/la-freelancerie.fr\/2020\/04\/22\/zoom-sur-le-collectif-noemie\/#primaryimage"},"image":{"@id":"https:\/\/la-freelancerie.fr\/2020\/04\/22\/zoom-sur-le-collectif-noemie\/#primaryimage"},"thumbnailUrl":"https:\/\/la-freelancerie.fr\/fr\/wp-content\/uploads\/2020\/04\/noemie-webdesigner-infographiste-larochesuryon-onnodesign-la-freelancerie.jpg","datePublished":"2020-04-22T10:15:04+00:00","dateModified":"2020-04-22T10:20:14+00:00","author":{"@id":"https:\/\/la-freelancerie.fr\/fr\/#\/schema\/person\/13ad9cdd285f7c48fa0cfc270d77dde5"},"description":"Zoom sur No\u00e9mie A., Webdesigner professionnel \u00e0 LA ROCHE SUR YON, Vend\u00e9e (85) - Membre du collectif La Freelancerie - communication. Devis en ligne !","breadcrumb":{"@id":"https:\/\/la-freelancerie.fr\/2020\/04\/22\/zoom-sur-le-collectif-noemie\/#breadcrumb"},"inLanguage":"fr-FR","potentialAction":[{"@type":"ReadAction","target":["https:\/\/la-freelancerie.fr\/2020\/04\/22\/zoom-sur-le-collectif-noemie\/"]}]},{"@type":"ImageObject","inLanguage":"fr-FR","@id":"https:\/\/la-freelancerie.fr\/2020\/04\/22\/zoom-sur-le-collectif-noemie\/#primaryimage","url":"https:\/\/la-freelancerie.fr\/fr\/wp-content\/uploads\/2020\/04\/noemie-webdesigner-infographiste-larochesuryon-onnodesign-la-freelancerie.jpg","contentUrl":"https:\/\/la-freelancerie.fr\/fr\/wp-content\/uploads\/2020\/04\/noemie-webdesigner-infographiste-larochesuryon-onnodesign-la-freelancerie.jpg","width":840,"height":320,"caption":"No\u00e9mie Webdesigner \u00e0 La Roche sur Yon (Vend\u00e9e) - LA FREELANCERIE"},{"@type":"BreadcrumbList","@id":"https:\/\/la-freelancerie.fr\/2020\/04\/22\/zoom-sur-le-collectif-noemie\/#breadcrumb","itemListElement":[{"@type":"ListItem","position":1,"name":"Accueil","item":"https:\/\/la-freelancerie.fr\/la-freelancerie\/"},{"@type":"ListItem","position":2,"name":"\/\/ Zoom sur le collectif : No\u00e9mie"}]},{"@type":"WebSite","@id":"https:\/\/la-freelancerie.fr\/fr\/#website","url":"https:\/\/la-freelancerie.fr\/fr\/","name":"LA FREELANCERIE","description":"Communication","potentialAction":[{"@type":"SearchAction","target":{"@type":"EntryPoint","urlTemplate":"https:\/\/la-freelancerie.fr\/fr\/?s={search_term_string}"},"query-input":"required name=search_term_string"}],"inLanguage":"fr-FR"},{"@type":"Person","@id":"https:\/\/la-freelancerie.fr\/fr\/#\/schema\/person\/13ad9cdd285f7c48fa0cfc270d77dde5","name":"LA FREELANCERIE","image":{"@type":"ImageObject","inLanguage":"fr-FR","@id":"https:\/\/la-freelancerie.fr\/fr\/#\/schema\/person\/image\/","url":"https:\/\/secure.gravatar.com\/avatar\/9649dbbfb80c1dffcc0bb6889072bcdd?s=96&d=mm&r=g","contentUrl":"https:\/\/secure.gravatar.com\/avatar\/9649dbbfb80c1dffcc0bb6889072bcdd?s=96&d=mm&r=g","caption":"LA FREELANCERIE"},"url":"https:\/\/la-freelancerie.fr\/fr\/author\/la-freelancerie\/"}]}},"_links":{"self":[{"href":"https:\/\/la-freelancerie.fr\/fr\/wp-json\/wp\/v2\/posts\/1107"}],"collection":[{"href":"https:\/\/la-freelancerie.fr\/fr\/wp-json\/wp\/v2\/posts"}],"about":[{"href":"https:\/\/la-freelancerie.fr\/fr\/wp-json\/wp\/v2\/types\/post"}],"author":[{"embeddable":true,"href":"https:\/\/la-freelancerie.fr\/fr\/wp-json\/wp\/v2\/users\/1"}],"replies":[{"embeddable":true,"href":"https:\/\/la-freelancerie.fr\/fr\/wp-json\/wp\/v2\/comments?post=1107"}],"version-history":[{"count":4,"href":"https:\/\/la-freelancerie.fr\/fr\/wp-json\/wp\/v2\/posts\/1107\/revisions"}],"predecessor-version":[{"id":1114,"href":"https:\/\/la-freelancerie.fr\/fr\/wp-json\/wp\/v2\/posts\/1107\/revisions\/1114"}],"wp:featuredmedia":[{"embeddable":true,"href":"https:\/\/la-freelancerie.fr\/fr\/wp-json\/wp\/v2\/media\/1108"}],"wp:attachment":[{"href":"https:\/\/la-freelancerie.fr\/fr\/wp-json\/wp\/v2\/media?parent=1107"}],"wp:term":[{"taxonomy":"category","embeddable":true,"href":"https:\/\/la-freelancerie.fr\/fr\/wp-json\/wp\/v2\/categories?post=1107"},{"taxonomy":"post_tag","embeddable":true,"href":"https:\/\/la-freelancerie.fr\/fr\/wp-json\/wp\/v2\/tags?post=1107"}],"curies":[{"name":"wp","href":"https:\/\/api.w.org\/{rel}","templated":true}]}}