{"id":1079,"date":"2020-04-10T12:01:21","date_gmt":"2020-04-10T10:01:21","guid":{"rendered":"https:\/\/la-freelancerie.fr\/fr\/?p=1079"},"modified":"2020-04-16T10:27:43","modified_gmt":"2020-04-16T08:27:43","slug":"zoom-sur-le-collectif-raphael","status":"publish","type":"post","link":"https:\/\/la-freelancerie.fr\/fr\/2020\/04\/10\/zoom-sur-le-collectif-raphael\/","title":{"rendered":"\/\/ Zoom sur le collectif : Rapha\u00ebl"},"content":{"rendered":"<h1><span style=\"font-size: 18pt; font-family: Helvetica;\">\/\/ Rapha\u00ebl S. &#8211; R\u00e9alisateur \/ Vid\u00e9aste &#8211; Collectif la Freelancerie<\/span><\/h1>\n<p><img decoding=\"async\" class=\"size-full wp-image-1080\" src=\"https:\/\/la-freelancerie.fr\/fr\/wp-content\/uploads\/2020\/04\/raphael-sauzeau-videaste-vendee-la-freelancerie.jpg\" alt=\"Rapha\u00ebl Sauzeau - R\u00e9alisateur - Vid\u00e9aste en Vend\u00e9e - LA FREELANCERIE\" width=\"840\" height=\"320\" srcset=\"https:\/\/la-freelancerie.fr\/fr\/wp-content\/uploads\/2020\/04\/raphael-sauzeau-videaste-vendee-la-freelancerie.jpg 840w, https:\/\/la-freelancerie.fr\/fr\/wp-content\/uploads\/2020\/04\/raphael-sauzeau-videaste-vendee-la-freelancerie-600x229.jpg 600w, https:\/\/la-freelancerie.fr\/fr\/wp-content\/uploads\/2020\/04\/raphael-sauzeau-videaste-vendee-la-freelancerie-300x114.jpg 300w, https:\/\/la-freelancerie.fr\/fr\/wp-content\/uploads\/2020\/04\/raphael-sauzeau-videaste-vendee-la-freelancerie-768x293.jpg 768w, https:\/\/la-freelancerie.fr\/fr\/wp-content\/uploads\/2020\/04\/raphael-sauzeau-videaste-vendee-la-freelancerie-705x269.jpg 705w\" sizes=\"(max-width: 840px) 100vw, 840px\" \/><\/p>\n<blockquote>\n<h3><span style=\"font-family: Helvetica; font-size: 12pt;\">Qui es-tu ?<\/span><\/h3>\n<\/blockquote>\n<p><em><span style=\"font-family: Helvetica; font-size: 12pt;\">\u00ab\u00a0Bonjour,<\/span><\/em><br \/>\n<em><span style=\"font-family: Helvetica; font-size: 12pt;\">Moi, c\u2019est <strong>Rapha\u00ebl<\/strong> S., 32 ans, passionn\u00e9 par le Cin\u00e9ma !\u00a0\u00bb<\/span><\/em><\/p>\n<blockquote>\n<h3><span style=\"font-family: Helvetica; font-size: 12pt;\">D\u2019o\u00f9 viens-tu ?<\/span><\/h3>\n<\/blockquote>\n<p><em><span style=\"font-family: Helvetica; font-size: 12pt;\">\u00ab\u00a0Je viens de <strong>La Roche sur Yon<\/strong>, en Vend\u00e9e.\u00a0\u00bb<\/span><\/em><\/p>\n<blockquote>\n<h3><span style=\"font-family: Helvetica; font-size: 12pt;\">Que fais-tu ?<\/span><\/h3>\n<\/blockquote>\n<p><em><span style=\"font-family: Helvetica; font-size: 12pt;\">\u00ab\u00a0<strong>Je suis r\u00e9alisateur et concepteur de films en tout genre : <\/strong>Artistiques, Institutionnels, \u00c9v\u00e9nementiels etc\u2026\u00a0\u00bb<\/span><\/em><\/p>\n<blockquote>\n<h3><span style=\"font-family: Helvetica; font-size: 12pt;\">Quelle est ta journ\u00e9e type ?<\/span><\/h3>\n<\/blockquote>\n<p><em><span style=\"font-family: Helvetica; font-size: 12pt;\">\u00ab\u00a0<strong>Je n&rsquo;ai pas de journ\u00e9e type<\/strong>, en fonction des projets en cours je m&rsquo;adapte, je n&rsquo;aime pas la routine.\u00a0\u00bb<\/span><\/em><\/p>\n<blockquote>\n<h3><span style=\"font-family: Helvetica; font-size: 12pt;\">Qu&rsquo;est-ce que tu aimes dans ton m\u00e9tier ?<\/span><\/h3>\n<\/blockquote>\n<p><em><span style=\"font-family: Helvetica; font-size: 12pt;\"><strong>\u00ab\u00a0Faire appel \u00e0 la cr\u00e9ativit\u00e9<\/strong> \u00e0 chaque \u00e9tape d&rsquo;un projet et utiliser la technique comme un outil pour mettre en sc\u00e8ne cette cr\u00e9ativit\u00e9.<strong>\u00ab\u00a0<\/strong><\/span><\/em><\/p>\n<p><img decoding=\"async\" class=\"size-full wp-image-1081\" src=\"https:\/\/la-freelancerie.fr\/fr\/wp-content\/uploads\/2020\/04\/raphael-sauzeau-videaste-vendee-la-freelancerie-1.jpg\" alt=\"Rapha\u00ebl Sauzeau - R\u00e9alisateur - Vid\u00e9aste en Vend\u00e9e - LA FREELANCERIE\" width=\"840\" height=\"511\" srcset=\"https:\/\/la-freelancerie.fr\/fr\/wp-content\/uploads\/2020\/04\/raphael-sauzeau-videaste-vendee-la-freelancerie-1.jpg 840w, https:\/\/la-freelancerie.fr\/fr\/wp-content\/uploads\/2020\/04\/raphael-sauzeau-videaste-vendee-la-freelancerie-1-600x365.jpg 600w, https:\/\/la-freelancerie.fr\/fr\/wp-content\/uploads\/2020\/04\/raphael-sauzeau-videaste-vendee-la-freelancerie-1-300x183.jpg 300w, https:\/\/la-freelancerie.fr\/fr\/wp-content\/uploads\/2020\/04\/raphael-sauzeau-videaste-vendee-la-freelancerie-1-768x467.jpg 768w, https:\/\/la-freelancerie.fr\/fr\/wp-content\/uploads\/2020\/04\/raphael-sauzeau-videaste-vendee-la-freelancerie-1-705x429.jpg 705w\" sizes=\"(max-width: 840px) 100vw, 840px\" \/><\/p>\n<hr \/>\n<h3><span style=\"font-size: 14pt;\">\/<span style=\"font-family: Helvetica;\">\/ PORTRAIT CHINOIS &#8211; Communication<\/span><\/span><\/h3>\n<blockquote><p><span style=\"font-family: Helvetica; font-size: 12pt;\"><strong>Si tu \u00e9tais une application\u00a0?\u00a0<\/strong><\/span><\/p><\/blockquote>\n<ul>\n<li><span style=\"font-family: Helvetica; font-size: 12pt;\"><strong>Celtx<\/strong>, une application de r\u00e9daction de sc\u00e9nario. Je suis toujours en train de chercher des id\u00e9es a mettre en sc\u00e8ne\u00a0<\/span><\/li>\n<\/ul>\n<blockquote><p><span style=\"font-family: Helvetica; font-size: 12pt;\"><strong>Si tu \u00e9tais un hashtag ?\u00a0<\/strong><\/span><\/p><\/blockquote>\n<ul>\n<li><span style=\"font-family: Helvetica; font-size: 12pt;\"><strong>#nohashtag<\/strong>,j&rsquo;ai jamais compris a quoi \u00e7a sert<\/span><\/li>\n<\/ul>\n<blockquote><p><span style=\"font-family: Helvetica; font-size: 12pt;\"><strong>Si tu \u00e9tais un emoji ?\u00a0<\/strong><\/span><\/p><\/blockquote>\n<ul>\n<li><span style=\"font-family: Helvetica; font-size: 12pt;\">?\u00a0: je pr\u00f4ne la philosophie du \u00ab\u00a0Aloha\u00a0\u00bb dans ma vie de tout les jours !<\/span><\/li>\n<\/ul>\n<blockquote><p><span style=\"font-family: Helvetica; font-size: 12pt;\"><strong>Si tu \u00e9tais un r\u00e9seau social ?\u00a0<\/strong><\/span><\/p><\/blockquote>\n<ul>\n<li><span style=\"font-family: Helvetica; font-size: 12pt;\"><strong>Letterbox,\u00a0<\/strong>il est uniquement bas\u00e9 sur les films vus, ou qu\u2019on aimerait voir !<\/span><\/li>\n<\/ul>\n<blockquote><p><span style=\"font-family: Helvetica; font-size: 12pt;\"><strong>Si tu \u00e9tais une publicit\u00e9 ?\u00a0<\/strong><\/span><\/p><\/blockquote>\n<ul>\n<li><span style=\"font-family: Helvetica; font-size: 12pt;\">Heu&#8230;. Je sais pas&#8230;<\/span><\/li>\n<\/ul>\n<blockquote><p><span style=\"font-family: Helvetica; font-size: 12pt;\"><strong>Tu es plut\u00f4t Team #Mac ou Team #PC\u00a0?<\/strong><\/span><\/p><\/blockquote>\n<ul>\n<li><span style=\"font-family: Helvetica; font-size: 12pt;\">Team <strong>#PC<\/strong><\/span><\/li>\n<\/ul>\n<hr \/>\n<p><span style=\"font-size: 12pt; font-family: Helvetica;\">Retrouvez nos r\u00e9alisations <a href=\"https:\/\/la-freelancerie.fr\/fr\/nos-realisations\/\">ici<\/a>\u00a0et suivez nos actualit\u00e9s sur notre page <a href=\"https:\/\/www.facebook.com\/lafreelancerie\/\">Facebook<\/a> et <a href=\"https:\/\/www.linkedin.com\/company\/37060186\/\">Linkedin<\/a>.<\/span><\/p>\n<p>&nbsp;<\/p>\n","protected":false},"excerpt":{"rendered":"<p>\/\/ Rapha\u00ebl S. &#8211; R\u00e9alisateur \/ Vid\u00e9aste &#8211; Collectif la Freelancerie Qui es-tu ? \u00ab\u00a0Bonjour, Moi, c\u2019est Rapha\u00ebl S., 32 ans, passionn\u00e9 par le Cin\u00e9ma !\u00a0\u00bb D\u2019o\u00f9 viens-tu ? \u00ab\u00a0Je viens de La Roche sur Yon, en Vend\u00e9e.\u00a0\u00bb Que fais-tu ? \u00ab\u00a0Je suis r\u00e9alisateur et concepteur de films en tout genre : Artistiques, Institutionnels, \u00c9v\u00e9nementiels [&hellip;]<\/p>\n","protected":false},"author":1,"featured_media":1082,"comment_status":"closed","ping_status":"closed","sticky":false,"template":"","format":"standard","meta":{"footnotes":""},"categories":[9],"tags":[],"yoast_head":"<!-- This site is optimized with the Yoast SEO plugin v22.4 - https:\/\/yoast.com\/wordpress\/plugins\/seo\/ -->\n<title>Zoom sur Rapha\u00ebl S, Vid\u00e9aste \u00e0 La Roche sur Yon - La Freelancerie<\/title>\n<meta name=\"description\" content=\"Zoom sur Rapha\u00ebl S., Vid\u00e9aste professionnel \u00e0 LA ROCHE SUR YON, Vend\u00e9e (85) - Membre du collectif La Freelancerie - communication. Devis en ligne !\" \/>\n<meta name=\"robots\" content=\"index, follow, max-snippet:-1, max-image-preview:large, max-video-preview:-1\" \/>\n<link rel=\"canonical\" href=\"https:\/\/la-freelancerie.fr\/2020\/04\/10\/zoom-sur-le-collectif-raphael\/\" \/>\n<meta property=\"og:locale\" content=\"fr_FR\" \/>\n<meta property=\"og:type\" content=\"article\" \/>\n<meta property=\"og:title\" content=\"Zoom sur Rapha\u00ebl S, Vid\u00e9aste \u00e0 La Roche sur Yon - La Freelancerie\" \/>\n<meta property=\"og:description\" content=\"Zoom sur Rapha\u00ebl S., Vid\u00e9aste professionnel \u00e0 LA ROCHE SUR YON, Vend\u00e9e (85) - Membre du collectif La Freelancerie - communication. Devis en ligne !\" \/>\n<meta property=\"og:url\" content=\"https:\/\/la-freelancerie.fr\/2020\/04\/10\/zoom-sur-le-collectif-raphael\/\" \/>\n<meta property=\"og:site_name\" content=\"LA FREELANCERIE\" \/>\n<meta property=\"article:published_time\" content=\"2020-04-10T10:01:21+00:00\" \/>\n<meta property=\"article:modified_time\" content=\"2020-04-16T08:27:43+00:00\" \/>\n<meta property=\"og:image\" content=\"https:\/\/la-freelancerie.fr\/wp-content\/uploads\/2020\/04\/raphael-sauzeau-videaste-vendee-la-freelancerie-2.jpg\" \/>\n\t<meta property=\"og:image:width\" content=\"840\" \/>\n\t<meta property=\"og:image:height\" content=\"320\" \/>\n\t<meta property=\"og:image:type\" content=\"image\/jpeg\" \/>\n<meta name=\"author\" content=\"LA FREELANCERIE\" \/>\n<meta name=\"twitter:card\" content=\"summary_large_image\" \/>\n<meta name=\"twitter:label1\" content=\"\u00c9crit par\" \/>\n\t<meta name=\"twitter:data1\" content=\"LA FREELANCERIE\" \/>\n\t<meta name=\"twitter:label2\" content=\"Dur\u00e9e de lecture estim\u00e9e\" \/>\n\t<meta name=\"twitter:data2\" content=\"1 minute\" \/>\n<script type=\"application\/ld+json\" class=\"yoast-schema-graph\">{\"@context\":\"https:\/\/schema.org\",\"@graph\":[{\"@type\":\"WebPage\",\"@id\":\"https:\/\/la-freelancerie.fr\/2020\/04\/10\/zoom-sur-le-collectif-raphael\/\",\"url\":\"https:\/\/la-freelancerie.fr\/2020\/04\/10\/zoom-sur-le-collectif-raphael\/\",\"name\":\"Zoom sur Rapha\u00ebl S, Vid\u00e9aste \u00e0 La Roche sur Yon - La Freelancerie\",\"isPartOf\":{\"@id\":\"https:\/\/la-freelancerie.fr\/fr\/#website\"},\"primaryImageOfPage\":{\"@id\":\"https:\/\/la-freelancerie.fr\/2020\/04\/10\/zoom-sur-le-collectif-raphael\/#primaryimage\"},\"image\":{\"@id\":\"https:\/\/la-freelancerie.fr\/2020\/04\/10\/zoom-sur-le-collectif-raphael\/#primaryimage\"},\"thumbnailUrl\":\"https:\/\/la-freelancerie.fr\/fr\/wp-content\/uploads\/2020\/04\/raphael-sauzeau-videaste-vendee-la-freelancerie-2.jpg\",\"datePublished\":\"2020-04-10T10:01:21+00:00\",\"dateModified\":\"2020-04-16T08:27:43+00:00\",\"author\":{\"@id\":\"https:\/\/la-freelancerie.fr\/fr\/#\/schema\/person\/13ad9cdd285f7c48fa0cfc270d77dde5\"},\"description\":\"Zoom sur Rapha\u00ebl S., Vid\u00e9aste professionnel \u00e0 LA ROCHE SUR YON, Vend\u00e9e (85) - Membre du collectif La Freelancerie - communication. Devis en ligne !\",\"breadcrumb\":{\"@id\":\"https:\/\/la-freelancerie.fr\/2020\/04\/10\/zoom-sur-le-collectif-raphael\/#breadcrumb\"},\"inLanguage\":\"fr-FR\",\"potentialAction\":[{\"@type\":\"ReadAction\",\"target\":[\"https:\/\/la-freelancerie.fr\/2020\/04\/10\/zoom-sur-le-collectif-raphael\/\"]}]},{\"@type\":\"ImageObject\",\"inLanguage\":\"fr-FR\",\"@id\":\"https:\/\/la-freelancerie.fr\/2020\/04\/10\/zoom-sur-le-collectif-raphael\/#primaryimage\",\"url\":\"https:\/\/la-freelancerie.fr\/fr\/wp-content\/uploads\/2020\/04\/raphael-sauzeau-videaste-vendee-la-freelancerie-2.jpg\",\"contentUrl\":\"https:\/\/la-freelancerie.fr\/fr\/wp-content\/uploads\/2020\/04\/raphael-sauzeau-videaste-vendee-la-freelancerie-2.jpg\",\"width\":840,\"height\":320,\"caption\":\"Rapha\u00ebl Sauzeau - R\u00e9alisateur - Vid\u00e9aste en Vend\u00e9e - LA FREELANCERIE\"},{\"@type\":\"BreadcrumbList\",\"@id\":\"https:\/\/la-freelancerie.fr\/2020\/04\/10\/zoom-sur-le-collectif-raphael\/#breadcrumb\",\"itemListElement\":[{\"@type\":\"ListItem\",\"position\":1,\"name\":\"Accueil\",\"item\":\"https:\/\/la-freelancerie.fr\/la-freelancerie\/\"},{\"@type\":\"ListItem\",\"position\":2,\"name\":\"\/\/ Zoom sur le collectif : Rapha\u00ebl\"}]},{\"@type\":\"WebSite\",\"@id\":\"https:\/\/la-freelancerie.fr\/fr\/#website\",\"url\":\"https:\/\/la-freelancerie.fr\/fr\/\",\"name\":\"LA FREELANCERIE\",\"description\":\"Communication\",\"potentialAction\":[{\"@type\":\"SearchAction\",\"target\":{\"@type\":\"EntryPoint\",\"urlTemplate\":\"https:\/\/la-freelancerie.fr\/fr\/?s={search_term_string}\"},\"query-input\":\"required name=search_term_string\"}],\"inLanguage\":\"fr-FR\"},{\"@type\":\"Person\",\"@id\":\"https:\/\/la-freelancerie.fr\/fr\/#\/schema\/person\/13ad9cdd285f7c48fa0cfc270d77dde5\",\"name\":\"LA FREELANCERIE\",\"image\":{\"@type\":\"ImageObject\",\"inLanguage\":\"fr-FR\",\"@id\":\"https:\/\/la-freelancerie.fr\/fr\/#\/schema\/person\/image\/\",\"url\":\"https:\/\/secure.gravatar.com\/avatar\/9649dbbfb80c1dffcc0bb6889072bcdd?s=96&d=mm&r=g\",\"contentUrl\":\"https:\/\/secure.gravatar.com\/avatar\/9649dbbfb80c1dffcc0bb6889072bcdd?s=96&d=mm&r=g\",\"caption\":\"LA FREELANCERIE\"},\"url\":\"https:\/\/la-freelancerie.fr\/fr\/author\/la-freelancerie\/\"}]}<\/script>\n<!-- \/ Yoast SEO plugin. -->","yoast_head_json":{"title":"Zoom sur Rapha\u00ebl S, Vid\u00e9aste \u00e0 La Roche sur Yon - La Freelancerie","description":"Zoom sur Rapha\u00ebl S., Vid\u00e9aste professionnel \u00e0 LA ROCHE SUR YON, Vend\u00e9e (85) - Membre du collectif La Freelancerie - communication. Devis en ligne !","robots":{"index":"index","follow":"follow","max-snippet":"max-snippet:-1","max-image-preview":"max-image-preview:large","max-video-preview":"max-video-preview:-1"},"canonical":"https:\/\/la-freelancerie.fr\/2020\/04\/10\/zoom-sur-le-collectif-raphael\/","og_locale":"fr_FR","og_type":"article","og_title":"Zoom sur Rapha\u00ebl S, Vid\u00e9aste \u00e0 La Roche sur Yon - La Freelancerie","og_description":"Zoom sur Rapha\u00ebl S., Vid\u00e9aste professionnel \u00e0 LA ROCHE SUR YON, Vend\u00e9e (85) - Membre du collectif La Freelancerie - communication. Devis en ligne !","og_url":"https:\/\/la-freelancerie.fr\/2020\/04\/10\/zoom-sur-le-collectif-raphael\/","og_site_name":"LA FREELANCERIE","article_published_time":"2020-04-10T10:01:21+00:00","article_modified_time":"2020-04-16T08:27:43+00:00","og_image":[{"width":840,"height":320,"url":"https:\/\/la-freelancerie.fr\/wp-content\/uploads\/2020\/04\/raphael-sauzeau-videaste-vendee-la-freelancerie-2.jpg","type":"image\/jpeg"}],"author":"LA FREELANCERIE","twitter_card":"summary_large_image","twitter_misc":{"\u00c9crit par":"LA FREELANCERIE","Dur\u00e9e de lecture estim\u00e9e":"1 minute"},"schema":{"@context":"https:\/\/schema.org","@graph":[{"@type":"WebPage","@id":"https:\/\/la-freelancerie.fr\/2020\/04\/10\/zoom-sur-le-collectif-raphael\/","url":"https:\/\/la-freelancerie.fr\/2020\/04\/10\/zoom-sur-le-collectif-raphael\/","name":"Zoom sur Rapha\u00ebl S, Vid\u00e9aste \u00e0 La Roche sur Yon - La Freelancerie","isPartOf":{"@id":"https:\/\/la-freelancerie.fr\/fr\/#website"},"primaryImageOfPage":{"@id":"https:\/\/la-freelancerie.fr\/2020\/04\/10\/zoom-sur-le-collectif-raphael\/#primaryimage"},"image":{"@id":"https:\/\/la-freelancerie.fr\/2020\/04\/10\/zoom-sur-le-collectif-raphael\/#primaryimage"},"thumbnailUrl":"https:\/\/la-freelancerie.fr\/fr\/wp-content\/uploads\/2020\/04\/raphael-sauzeau-videaste-vendee-la-freelancerie-2.jpg","datePublished":"2020-04-10T10:01:21+00:00","dateModified":"2020-04-16T08:27:43+00:00","author":{"@id":"https:\/\/la-freelancerie.fr\/fr\/#\/schema\/person\/13ad9cdd285f7c48fa0cfc270d77dde5"},"description":"Zoom sur Rapha\u00ebl S., Vid\u00e9aste professionnel \u00e0 LA ROCHE SUR YON, Vend\u00e9e (85) - Membre du collectif La Freelancerie - communication. Devis en ligne !","breadcrumb":{"@id":"https:\/\/la-freelancerie.fr\/2020\/04\/10\/zoom-sur-le-collectif-raphael\/#breadcrumb"},"inLanguage":"fr-FR","potentialAction":[{"@type":"ReadAction","target":["https:\/\/la-freelancerie.fr\/2020\/04\/10\/zoom-sur-le-collectif-raphael\/"]}]},{"@type":"ImageObject","inLanguage":"fr-FR","@id":"https:\/\/la-freelancerie.fr\/2020\/04\/10\/zoom-sur-le-collectif-raphael\/#primaryimage","url":"https:\/\/la-freelancerie.fr\/fr\/wp-content\/uploads\/2020\/04\/raphael-sauzeau-videaste-vendee-la-freelancerie-2.jpg","contentUrl":"https:\/\/la-freelancerie.fr\/fr\/wp-content\/uploads\/2020\/04\/raphael-sauzeau-videaste-vendee-la-freelancerie-2.jpg","width":840,"height":320,"caption":"Rapha\u00ebl Sauzeau - R\u00e9alisateur - Vid\u00e9aste en Vend\u00e9e - LA FREELANCERIE"},{"@type":"BreadcrumbList","@id":"https:\/\/la-freelancerie.fr\/2020\/04\/10\/zoom-sur-le-collectif-raphael\/#breadcrumb","itemListElement":[{"@type":"ListItem","position":1,"name":"Accueil","item":"https:\/\/la-freelancerie.fr\/la-freelancerie\/"},{"@type":"ListItem","position":2,"name":"\/\/ Zoom sur le collectif : Rapha\u00ebl"}]},{"@type":"WebSite","@id":"https:\/\/la-freelancerie.fr\/fr\/#website","url":"https:\/\/la-freelancerie.fr\/fr\/","name":"LA FREELANCERIE","description":"Communication","potentialAction":[{"@type":"SearchAction","target":{"@type":"EntryPoint","urlTemplate":"https:\/\/la-freelancerie.fr\/fr\/?s={search_term_string}"},"query-input":"required name=search_term_string"}],"inLanguage":"fr-FR"},{"@type":"Person","@id":"https:\/\/la-freelancerie.fr\/fr\/#\/schema\/person\/13ad9cdd285f7c48fa0cfc270d77dde5","name":"LA FREELANCERIE","image":{"@type":"ImageObject","inLanguage":"fr-FR","@id":"https:\/\/la-freelancerie.fr\/fr\/#\/schema\/person\/image\/","url":"https:\/\/secure.gravatar.com\/avatar\/9649dbbfb80c1dffcc0bb6889072bcdd?s=96&d=mm&r=g","contentUrl":"https:\/\/secure.gravatar.com\/avatar\/9649dbbfb80c1dffcc0bb6889072bcdd?s=96&d=mm&r=g","caption":"LA FREELANCERIE"},"url":"https:\/\/la-freelancerie.fr\/fr\/author\/la-freelancerie\/"}]}},"_links":{"self":[{"href":"https:\/\/la-freelancerie.fr\/fr\/wp-json\/wp\/v2\/posts\/1079"}],"collection":[{"href":"https:\/\/la-freelancerie.fr\/fr\/wp-json\/wp\/v2\/posts"}],"about":[{"href":"https:\/\/la-freelancerie.fr\/fr\/wp-json\/wp\/v2\/types\/post"}],"author":[{"embeddable":true,"href":"https:\/\/la-freelancerie.fr\/fr\/wp-json\/wp\/v2\/users\/1"}],"replies":[{"embeddable":true,"href":"https:\/\/la-freelancerie.fr\/fr\/wp-json\/wp\/v2\/comments?post=1079"}],"version-history":[{"count":1,"href":"https:\/\/la-freelancerie.fr\/fr\/wp-json\/wp\/v2\/posts\/1079\/revisions"}],"predecessor-version":[{"id":1083,"href":"https:\/\/la-freelancerie.fr\/fr\/wp-json\/wp\/v2\/posts\/1079\/revisions\/1083"}],"wp:featuredmedia":[{"embeddable":true,"href":"https:\/\/la-freelancerie.fr\/fr\/wp-json\/wp\/v2\/media\/1082"}],"wp:attachment":[{"href":"https:\/\/la-freelancerie.fr\/fr\/wp-json\/wp\/v2\/media?parent=1079"}],"wp:term":[{"taxonomy":"category","embeddable":true,"href":"https:\/\/la-freelancerie.fr\/fr\/wp-json\/wp\/v2\/categories?post=1079"},{"taxonomy":"post_tag","embeddable":true,"href":"https:\/\/la-freelancerie.fr\/fr\/wp-json\/wp\/v2\/tags?post=1079"}],"curies":[{"name":"wp","href":"https:\/\/api.w.org\/{rel}","templated":true}]}}