{"id":1057,"date":"2020-03-31T09:57:38","date_gmt":"2020-03-31T07:57:38","guid":{"rendered":"https:\/\/la-freelancerie.fr\/fr\/?p=1057"},"modified":"2020-03-31T09:59:16","modified_gmt":"2020-03-31T07:59:16","slug":"zoom-sur-le-collectif-guillaume","status":"publish","type":"post","link":"https:\/\/la-freelancerie.fr\/fr\/2020\/03\/31\/zoom-sur-le-collectif-guillaume\/","title":{"rendered":"\/\/ Zoom sur le collectif : Guillaume"},"content":{"rendered":"<h1><span style=\"font-size: 18pt; font-family: Helvetica;\">\/\/ Guillaume CHUECA &#8211; Photographe &#8211; Collectif la Freelancerie<\/span><\/h1>\n<p><img decoding=\"async\" class=\"size-full wp-image-1058\" src=\"https:\/\/la-freelancerie.fr\/fr\/wp-content\/uploads\/2020\/03\/guillaume-chueca-photographie-la-freelancerie-communication-nantes.jpg\" alt=\"Guillaume Chueca - Photographe Professionnel - Nantes - La Freelancerie\" width=\"840\" height=\"320\" srcset=\"https:\/\/la-freelancerie.fr\/fr\/wp-content\/uploads\/2020\/03\/guillaume-chueca-photographie-la-freelancerie-communication-nantes.jpg 840w, https:\/\/la-freelancerie.fr\/fr\/wp-content\/uploads\/2020\/03\/guillaume-chueca-photographie-la-freelancerie-communication-nantes-600x229.jpg 600w, https:\/\/la-freelancerie.fr\/fr\/wp-content\/uploads\/2020\/03\/guillaume-chueca-photographie-la-freelancerie-communication-nantes-300x114.jpg 300w, https:\/\/la-freelancerie.fr\/fr\/wp-content\/uploads\/2020\/03\/guillaume-chueca-photographie-la-freelancerie-communication-nantes-768x293.jpg 768w, https:\/\/la-freelancerie.fr\/fr\/wp-content\/uploads\/2020\/03\/guillaume-chueca-photographie-la-freelancerie-communication-nantes-705x269.jpg 705w\" sizes=\"(max-width: 840px) 100vw, 840px\" \/><\/p>\n<blockquote>\n<h3><span style=\"font-family: Helvetica; font-size: 12pt;\">Qui es-tu ?<\/span><\/h3>\n<\/blockquote>\n<p><em><span style=\"font-family: Helvetica; font-size: 12pt;\">\u00ab\u00a0Bonjour,<\/span><\/em><br \/>\n<em><span style=\"font-family: Helvetica; font-size: 12pt;\">Je suis <strong>Guillaume Chueca<\/strong>, un nantais de 32 ans, anim\u00e9 par la photo, la musique et les jeux vid\u00e9os.\u00a0\u00bb<\/span><\/em><\/p>\n<blockquote>\n<h3><span style=\"font-family: Helvetica; font-size: 12pt;\">D\u2019o\u00f9 viens-tu ?<\/span><\/h3>\n<\/blockquote>\n<p><em><span style=\"font-family: Helvetica; font-size: 12pt;\">\u00ab\u00a0Natif de Bordeaux, j\u2019ai principalement grandi \u00e0 Angoul\u00eame. <strong>Je suis arriv\u00e9 sur Nantes en 2008<\/strong>, cette ville \u00e9tant attractive \u00e0 tous les points de vue !\u00a0\u00bb<\/span><\/em><\/p>\n<blockquote>\n<h3><span style=\"font-family: Helvetica; font-size: 12pt;\">Que fais-tu ?<\/span><\/h3>\n<\/blockquote>\n<p><em><span style=\"font-family: Helvetica; font-size: 12pt;\">\u00ab\u00a0<strong>Je suis photographe pour les professionnels<\/strong>. Du portrait professionnel au reportage pour constituer des visuels utiles \u00e0 la communication, j\u2019estime que chaque entreprise m\u00e9rite de belles images. Je r\u00e9alise \u00e9galement des reportages d\u2019\u00e9v\u00e9nements d\u2019entreprise et du packshot (produit).\u00a0\u00bb<\/span><\/em><\/p>\n<blockquote>\n<h3><span style=\"font-family: Helvetica; font-size: 12pt;\">Quelle est ta journ\u00e9e type ?<\/span><\/h3>\n<\/blockquote>\n<p><em><span style=\"font-family: Helvetica; font-size: 12pt;\"><strong>7h :<\/strong>\u00a0R\u00e9veil<\/span><\/em><br \/>\n<em><span style=\"font-family: Helvetica; font-size: 12pt;\"><strong>7h45 \/ 8h :<\/strong> LinkedIn, Instagram et Facebook<\/span><\/em><br \/>\n<em><span style=\"font-family: Helvetica; font-size: 12pt;\"><strong>9h :<\/strong>\u00a0Caf\u00e9 pour moi, croquettes pour mon chat<\/span><\/em><br \/>\n<em><span style=\"font-family: Helvetica; font-size: 12pt;\"><strong>9h15 \/ 12h :<\/strong>\u00a0D\u00e9veloppement de photos ou d\u00e9marchage commercial<\/span><\/em><br \/>\n<em><span style=\"font-family: Helvetica; font-size: 12pt;\"><strong>12h \/ 12h45 :<\/strong>\u00a0Repas du midi devant La Quotidienne (France 5)<\/span><\/em><br \/>\n<em><span style=\"font-family: Helvetica; font-size: 12pt;\"><strong>12h45 \/ 17h30 :<\/strong>\u00a0Travail sur les projets en cours avec des pauses quand le besoin s\u2019en fait ressentir<\/span><\/em><\/p>\n<blockquote>\n<h3><span style=\"font-family: Helvetica; font-size: 12pt;\">Quelle est ta plus belle exp\u00e9rience en tant que Photographe ?<\/span><\/h3>\n<\/blockquote>\n<p><em><span style=\"font-family: Helvetica; font-size: 12pt;\"><strong>\u00ab\u00a0Ce reportage r\u00e9alis\u00e9 en trois mois d\u2019immersion en psychiatrie (CHU de Nantes)<\/strong> et qui a donn\u00e9 mon exposition Le Passage. Je savais que j\u2019allais rencontrer des personnes incroyables. Mais je ne savais pas que cette exp\u00e9rience allait \u00eatre aussi enrichissante et percutante sur ma fa\u00e7on de voir les choses.\u00a0\u00bb<\/span><\/em><\/p>\n<blockquote>\n<h3><span style=\"font-family: Helvetica; font-size: 12pt;\">Pourquoi as-tu rejoins la Freelancerie ?<\/span><\/h3>\n<\/blockquote>\n<p><em><span style=\"font-family: Helvetica; font-size: 12pt;\">\u00ab\u00a0<strong>Pour les valeurs de partage, de bonne humeur et d\u2019entraides.<\/strong> J\u2019y ai rencontr\u00e9 des personnes en or et qui correspondent \u00e0 mes valeurs. Cette id\u00e9e d\u2019associer ces valeurs pour proposer un service hors du commun \u00e0 des entreprises, c\u2019\u00e9tait une \u00e9vidence que je postule pour rejoindre ce projet ! Heureux d\u2019\u00eatre au sein de La Freelancerie !\u00a0\u00bb<\/span><\/em><br \/>\n<span style=\"font-family: Helvetica; font-size: 12pt;\">\u00a0<\/span><\/p>\n<hr \/>\n<h3><span style=\"font-size: 14pt;\">\/<span style=\"font-family: Helvetica;\">\/ PORTRAIT CHINOIS &#8211; Communication<\/span><\/span><\/h3>\n<blockquote><p><span style=\"font-family: Helvetica; font-size: 12pt;\"><strong>Si tu \u00e9tais une application\u00a0?\u00a0<\/strong><\/span><\/p><\/blockquote>\n<ul>\n<li><span style=\"font-family: Helvetica; font-size: 12pt;\"><strong>Stellarium<\/strong>, c\u2019est l\u2019appli qui permet de lever la t\u00eate au ciel, nommer les \u00e9toiles et s\u2019\u00e9vader quelques minutes de notre plan\u00e8te.\u00a0<\/span><\/li>\n<\/ul>\n<blockquote><p><span style=\"font-family: Helvetica; font-size: 12pt;\"><strong>Si tu \u00e9tais un hashtag ?\u00a0<\/strong><\/span><\/p><\/blockquote>\n<ul>\n<li><span style=\"font-family: Helvetica; font-size: 12pt;\"><strong>#jeudiphoto<\/strong>\u00a0: J\u2019ai mis quelques ann\u00e9es avant de d\u00e9couvrir ce hashtag. Dommage car il est tr\u00e8s utile pour d\u00e9couvrir de belles photos, des photographes, etc\u2026 Maintenant j\u2019essaie de surfer dessus chaque jeudi.<\/span><\/li>\n<\/ul>\n<blockquote><p><span style=\"font-family: Helvetica; font-size: 12pt;\"><strong>Si tu \u00e9tais un emoji ?\u00a0<\/strong><\/span><\/p><\/blockquote>\n<ul>\n<li><span style=\"font-family: Helvetica; font-size: 12pt;\">?\u00a0: Je l\u2019utilise souvent en accompagnant mes r\u00e9ponses suite \u00e0 des commentaires positifs \u00e0 mon \u00e9gard. Cela signifie que je suis touch\u00e9 par le commentaire et parfois g\u00ean\u00e9 car pas convaincu que je le m\u00e9rite vraiment. Non, je n\u2019ai pas toujours confiance en moi.<\/span><\/li>\n<\/ul>\n<blockquote><p><span style=\"font-family: Helvetica; font-size: 12pt;\"><strong>Si tu \u00e9tais un r\u00e9seau social ?\u00a0<\/strong><\/span><\/p><\/blockquote>\n<ul>\n<li><span style=\"font-family: Helvetica; font-size: 12pt;\"><strong>Instagram<\/strong>, car je d\u00e9couvre souvent des photographes\u00a0! Puis c\u2019est un moyen plus agr\u00e9able d\u2019\u00e9changer et de voir de belles images, plut\u00f4t que d\u2019autres r\u00e9seaux bourr\u00e9s de haineux et complotistes\u2026<\/span><\/li>\n<\/ul>\n<blockquote><p><span style=\"font-family: Helvetica; font-size: 12pt;\"><strong>Si tu \u00e9tais un appareil photo ?\u00a0<\/strong><\/span><\/p><\/blockquote>\n<ul>\n<li><span style=\"font-family: Helvetica; font-size: 12pt;\"><strong>Un Hasselblad 500C<\/strong>, c\u2019est le premier appareil photo qui est parti dans l\u2019espace en 1962. Les premi\u00e8res photos de notre plan\u00e8te prise par un homme.<\/span><\/li>\n<\/ul>\n<blockquote><p><span style=\"font-family: Helvetica; font-size: 12pt;\"><strong>Tu es plut\u00f4t Team #Mac ou Team #PC\u00a0?<\/strong><\/span><\/p><\/blockquote>\n<ul>\n<li><span style=\"font-family: Helvetica; font-size: 12pt;\">Team <strong>#PC<\/strong><\/span><\/li>\n<\/ul>\n<hr \/>\n<p><span style=\"font-size: 12pt; font-family: Helvetica;\">Retrouvez nos r\u00e9alisations <a href=\"https:\/\/la-freelancerie.fr\/fr\/nos-realisations\/\">ici<\/a>\u00a0et suivez nos actualit\u00e9s sur notre page <a href=\"https:\/\/www.facebook.com\/lafreelancerie\/\">Facebook<\/a> et <a href=\"https:\/\/www.linkedin.com\/company\/37060186\/\">Linkedin<\/a>.<\/span><\/p>\n","protected":false},"excerpt":{"rendered":"<p>\/\/ Guillaume CHUECA &#8211; Photographe &#8211; Collectif la Freelancerie Qui es-tu ? \u00ab\u00a0Bonjour, Je suis Guillaume Chueca, un nantais de 32 ans, anim\u00e9 par la photo, la musique et les jeux vid\u00e9os.\u00a0\u00bb D\u2019o\u00f9 viens-tu ? \u00ab\u00a0Natif de Bordeaux, j\u2019ai principalement grandi \u00e0 Angoul\u00eame. Je suis arriv\u00e9 sur Nantes en 2008, cette ville \u00e9tant attractive \u00e0 [&hellip;]<\/p>\n","protected":false},"author":1,"featured_media":1063,"comment_status":"closed","ping_status":"closed","sticky":false,"template":"","format":"standard","meta":{"footnotes":""},"categories":[9],"tags":[],"yoast_head":"<!-- This site is optimized with the Yoast SEO plugin v22.4 - https:\/\/yoast.com\/wordpress\/plugins\/seo\/ -->\n<title>Zoom sur Guillaume CHUECA, Photographe \u00e0 Nantes - La Freelancerie<\/title>\n<meta name=\"description\" content=\"Zoom sur Guillaume CHUECA, Photographe professionnel \u00e0 Nantes - Membre du collectif La Freelancerie - communication. Photographie entreprise. Devis en ligne\" \/>\n<meta name=\"robots\" content=\"index, follow, max-snippet:-1, max-image-preview:large, max-video-preview:-1\" \/>\n<link rel=\"canonical\" href=\"https:\/\/la-freelancerie.fr\/2020\/03\/31\/zoom-sur-le-collectif-guillaume\/\" \/>\n<meta property=\"og:locale\" content=\"fr_FR\" \/>\n<meta property=\"og:type\" content=\"article\" \/>\n<meta property=\"og:title\" content=\"Zoom sur Guillaume CHUECA, Photographe \u00e0 Nantes - La Freelancerie\" \/>\n<meta property=\"og:description\" content=\"Zoom sur Guillaume CHUECA, Photographe professionnel \u00e0 Nantes - Membre du collectif La Freelancerie - communication. Photographie entreprise. Devis en ligne\" \/>\n<meta property=\"og:url\" content=\"https:\/\/la-freelancerie.fr\/2020\/03\/31\/zoom-sur-le-collectif-guillaume\/\" \/>\n<meta property=\"og:site_name\" content=\"LA FREELANCERIE\" \/>\n<meta property=\"article:published_time\" content=\"2020-03-31T07:57:38+00:00\" \/>\n<meta property=\"article:modified_time\" content=\"2020-03-31T07:59:16+00:00\" \/>\n<meta property=\"og:image\" content=\"https:\/\/la-freelancerie.fr\/wp-content\/uploads\/2020\/03\/guillaume-chueca-photographie-la-freelancerie-communication-nantes-1.jpg\" \/>\n\t<meta property=\"og:image:width\" content=\"840\" \/>\n\t<meta property=\"og:image:height\" content=\"320\" \/>\n\t<meta property=\"og:image:type\" content=\"image\/jpeg\" \/>\n<meta name=\"author\" content=\"LA FREELANCERIE\" \/>\n<meta name=\"twitter:card\" content=\"summary_large_image\" \/>\n<meta name=\"twitter:label1\" content=\"\u00c9crit par\" \/>\n\t<meta name=\"twitter:data1\" content=\"LA FREELANCERIE\" \/>\n\t<meta name=\"twitter:label2\" content=\"Dur\u00e9e de lecture estim\u00e9e\" \/>\n\t<meta name=\"twitter:data2\" content=\"3 minutes\" \/>\n<script type=\"application\/ld+json\" class=\"yoast-schema-graph\">{\"@context\":\"https:\/\/schema.org\",\"@graph\":[{\"@type\":\"WebPage\",\"@id\":\"https:\/\/la-freelancerie.fr\/2020\/03\/31\/zoom-sur-le-collectif-guillaume\/\",\"url\":\"https:\/\/la-freelancerie.fr\/2020\/03\/31\/zoom-sur-le-collectif-guillaume\/\",\"name\":\"Zoom sur Guillaume CHUECA, Photographe \u00e0 Nantes - La Freelancerie\",\"isPartOf\":{\"@id\":\"https:\/\/la-freelancerie.fr\/fr\/#website\"},\"primaryImageOfPage\":{\"@id\":\"https:\/\/la-freelancerie.fr\/2020\/03\/31\/zoom-sur-le-collectif-guillaume\/#primaryimage\"},\"image\":{\"@id\":\"https:\/\/la-freelancerie.fr\/2020\/03\/31\/zoom-sur-le-collectif-guillaume\/#primaryimage\"},\"thumbnailUrl\":\"https:\/\/la-freelancerie.fr\/fr\/wp-content\/uploads\/2020\/03\/guillaume-chueca-photographie-la-freelancerie-communication-nantes-1.jpg\",\"datePublished\":\"2020-03-31T07:57:38+00:00\",\"dateModified\":\"2020-03-31T07:59:16+00:00\",\"author\":{\"@id\":\"https:\/\/la-freelancerie.fr\/fr\/#\/schema\/person\/13ad9cdd285f7c48fa0cfc270d77dde5\"},\"description\":\"Zoom sur Guillaume CHUECA, Photographe professionnel \u00e0 Nantes - Membre du collectif La Freelancerie - communication. Photographie entreprise. Devis en ligne\",\"breadcrumb\":{\"@id\":\"https:\/\/la-freelancerie.fr\/2020\/03\/31\/zoom-sur-le-collectif-guillaume\/#breadcrumb\"},\"inLanguage\":\"fr-FR\",\"potentialAction\":[{\"@type\":\"ReadAction\",\"target\":[\"https:\/\/la-freelancerie.fr\/2020\/03\/31\/zoom-sur-le-collectif-guillaume\/\"]}]},{\"@type\":\"ImageObject\",\"inLanguage\":\"fr-FR\",\"@id\":\"https:\/\/la-freelancerie.fr\/2020\/03\/31\/zoom-sur-le-collectif-guillaume\/#primaryimage\",\"url\":\"https:\/\/la-freelancerie.fr\/fr\/wp-content\/uploads\/2020\/03\/guillaume-chueca-photographie-la-freelancerie-communication-nantes-1.jpg\",\"contentUrl\":\"https:\/\/la-freelancerie.fr\/fr\/wp-content\/uploads\/2020\/03\/guillaume-chueca-photographie-la-freelancerie-communication-nantes-1.jpg\",\"width\":840,\"height\":320,\"caption\":\"Guillaume Chueca - Photographe Professionnel - Nantes - La Freelancerie\"},{\"@type\":\"BreadcrumbList\",\"@id\":\"https:\/\/la-freelancerie.fr\/2020\/03\/31\/zoom-sur-le-collectif-guillaume\/#breadcrumb\",\"itemListElement\":[{\"@type\":\"ListItem\",\"position\":1,\"name\":\"Accueil\",\"item\":\"https:\/\/la-freelancerie.fr\/la-freelancerie\/\"},{\"@type\":\"ListItem\",\"position\":2,\"name\":\"\/\/ Zoom sur le collectif : Guillaume\"}]},{\"@type\":\"WebSite\",\"@id\":\"https:\/\/la-freelancerie.fr\/fr\/#website\",\"url\":\"https:\/\/la-freelancerie.fr\/fr\/\",\"name\":\"LA FREELANCERIE\",\"description\":\"Communication\",\"potentialAction\":[{\"@type\":\"SearchAction\",\"target\":{\"@type\":\"EntryPoint\",\"urlTemplate\":\"https:\/\/la-freelancerie.fr\/fr\/?s={search_term_string}\"},\"query-input\":\"required name=search_term_string\"}],\"inLanguage\":\"fr-FR\"},{\"@type\":\"Person\",\"@id\":\"https:\/\/la-freelancerie.fr\/fr\/#\/schema\/person\/13ad9cdd285f7c48fa0cfc270d77dde5\",\"name\":\"LA FREELANCERIE\",\"image\":{\"@type\":\"ImageObject\",\"inLanguage\":\"fr-FR\",\"@id\":\"https:\/\/la-freelancerie.fr\/fr\/#\/schema\/person\/image\/\",\"url\":\"https:\/\/secure.gravatar.com\/avatar\/9649dbbfb80c1dffcc0bb6889072bcdd?s=96&d=mm&r=g\",\"contentUrl\":\"https:\/\/secure.gravatar.com\/avatar\/9649dbbfb80c1dffcc0bb6889072bcdd?s=96&d=mm&r=g\",\"caption\":\"LA FREELANCERIE\"},\"url\":\"https:\/\/la-freelancerie.fr\/fr\/author\/la-freelancerie\/\"}]}<\/script>\n<!-- \/ Yoast SEO plugin. -->","yoast_head_json":{"title":"Zoom sur Guillaume CHUECA, Photographe \u00e0 Nantes - La Freelancerie","description":"Zoom sur Guillaume CHUECA, Photographe professionnel \u00e0 Nantes - Membre du collectif La Freelancerie - communication. Photographie entreprise. Devis en ligne","robots":{"index":"index","follow":"follow","max-snippet":"max-snippet:-1","max-image-preview":"max-image-preview:large","max-video-preview":"max-video-preview:-1"},"canonical":"https:\/\/la-freelancerie.fr\/2020\/03\/31\/zoom-sur-le-collectif-guillaume\/","og_locale":"fr_FR","og_type":"article","og_title":"Zoom sur Guillaume CHUECA, Photographe \u00e0 Nantes - La Freelancerie","og_description":"Zoom sur Guillaume CHUECA, Photographe professionnel \u00e0 Nantes - Membre du collectif La Freelancerie - communication. Photographie entreprise. Devis en ligne","og_url":"https:\/\/la-freelancerie.fr\/2020\/03\/31\/zoom-sur-le-collectif-guillaume\/","og_site_name":"LA FREELANCERIE","article_published_time":"2020-03-31T07:57:38+00:00","article_modified_time":"2020-03-31T07:59:16+00:00","og_image":[{"width":840,"height":320,"url":"https:\/\/la-freelancerie.fr\/wp-content\/uploads\/2020\/03\/guillaume-chueca-photographie-la-freelancerie-communication-nantes-1.jpg","type":"image\/jpeg"}],"author":"LA FREELANCERIE","twitter_card":"summary_large_image","twitter_misc":{"\u00c9crit par":"LA FREELANCERIE","Dur\u00e9e de lecture estim\u00e9e":"3 minutes"},"schema":{"@context":"https:\/\/schema.org","@graph":[{"@type":"WebPage","@id":"https:\/\/la-freelancerie.fr\/2020\/03\/31\/zoom-sur-le-collectif-guillaume\/","url":"https:\/\/la-freelancerie.fr\/2020\/03\/31\/zoom-sur-le-collectif-guillaume\/","name":"Zoom sur Guillaume CHUECA, Photographe \u00e0 Nantes - La Freelancerie","isPartOf":{"@id":"https:\/\/la-freelancerie.fr\/fr\/#website"},"primaryImageOfPage":{"@id":"https:\/\/la-freelancerie.fr\/2020\/03\/31\/zoom-sur-le-collectif-guillaume\/#primaryimage"},"image":{"@id":"https:\/\/la-freelancerie.fr\/2020\/03\/31\/zoom-sur-le-collectif-guillaume\/#primaryimage"},"thumbnailUrl":"https:\/\/la-freelancerie.fr\/fr\/wp-content\/uploads\/2020\/03\/guillaume-chueca-photographie-la-freelancerie-communication-nantes-1.jpg","datePublished":"2020-03-31T07:57:38+00:00","dateModified":"2020-03-31T07:59:16+00:00","author":{"@id":"https:\/\/la-freelancerie.fr\/fr\/#\/schema\/person\/13ad9cdd285f7c48fa0cfc270d77dde5"},"description":"Zoom sur Guillaume CHUECA, Photographe professionnel \u00e0 Nantes - Membre du collectif La Freelancerie - communication. Photographie entreprise. Devis en ligne","breadcrumb":{"@id":"https:\/\/la-freelancerie.fr\/2020\/03\/31\/zoom-sur-le-collectif-guillaume\/#breadcrumb"},"inLanguage":"fr-FR","potentialAction":[{"@type":"ReadAction","target":["https:\/\/la-freelancerie.fr\/2020\/03\/31\/zoom-sur-le-collectif-guillaume\/"]}]},{"@type":"ImageObject","inLanguage":"fr-FR","@id":"https:\/\/la-freelancerie.fr\/2020\/03\/31\/zoom-sur-le-collectif-guillaume\/#primaryimage","url":"https:\/\/la-freelancerie.fr\/fr\/wp-content\/uploads\/2020\/03\/guillaume-chueca-photographie-la-freelancerie-communication-nantes-1.jpg","contentUrl":"https:\/\/la-freelancerie.fr\/fr\/wp-content\/uploads\/2020\/03\/guillaume-chueca-photographie-la-freelancerie-communication-nantes-1.jpg","width":840,"height":320,"caption":"Guillaume Chueca - Photographe Professionnel - Nantes - La Freelancerie"},{"@type":"BreadcrumbList","@id":"https:\/\/la-freelancerie.fr\/2020\/03\/31\/zoom-sur-le-collectif-guillaume\/#breadcrumb","itemListElement":[{"@type":"ListItem","position":1,"name":"Accueil","item":"https:\/\/la-freelancerie.fr\/la-freelancerie\/"},{"@type":"ListItem","position":2,"name":"\/\/ Zoom sur le collectif : Guillaume"}]},{"@type":"WebSite","@id":"https:\/\/la-freelancerie.fr\/fr\/#website","url":"https:\/\/la-freelancerie.fr\/fr\/","name":"LA FREELANCERIE","description":"Communication","potentialAction":[{"@type":"SearchAction","target":{"@type":"EntryPoint","urlTemplate":"https:\/\/la-freelancerie.fr\/fr\/?s={search_term_string}"},"query-input":"required name=search_term_string"}],"inLanguage":"fr-FR"},{"@type":"Person","@id":"https:\/\/la-freelancerie.fr\/fr\/#\/schema\/person\/13ad9cdd285f7c48fa0cfc270d77dde5","name":"LA FREELANCERIE","image":{"@type":"ImageObject","inLanguage":"fr-FR","@id":"https:\/\/la-freelancerie.fr\/fr\/#\/schema\/person\/image\/","url":"https:\/\/secure.gravatar.com\/avatar\/9649dbbfb80c1dffcc0bb6889072bcdd?s=96&d=mm&r=g","contentUrl":"https:\/\/secure.gravatar.com\/avatar\/9649dbbfb80c1dffcc0bb6889072bcdd?s=96&d=mm&r=g","caption":"LA FREELANCERIE"},"url":"https:\/\/la-freelancerie.fr\/fr\/author\/la-freelancerie\/"}]}},"_links":{"self":[{"href":"https:\/\/la-freelancerie.fr\/fr\/wp-json\/wp\/v2\/posts\/1057"}],"collection":[{"href":"https:\/\/la-freelancerie.fr\/fr\/wp-json\/wp\/v2\/posts"}],"about":[{"href":"https:\/\/la-freelancerie.fr\/fr\/wp-json\/wp\/v2\/types\/post"}],"author":[{"embeddable":true,"href":"https:\/\/la-freelancerie.fr\/fr\/wp-json\/wp\/v2\/users\/1"}],"replies":[{"embeddable":true,"href":"https:\/\/la-freelancerie.fr\/fr\/wp-json\/wp\/v2\/comments?post=1057"}],"version-history":[{"count":4,"href":"https:\/\/la-freelancerie.fr\/fr\/wp-json\/wp\/v2\/posts\/1057\/revisions"}],"predecessor-version":[{"id":1062,"href":"https:\/\/la-freelancerie.fr\/fr\/wp-json\/wp\/v2\/posts\/1057\/revisions\/1062"}],"wp:featuredmedia":[{"embeddable":true,"href":"https:\/\/la-freelancerie.fr\/fr\/wp-json\/wp\/v2\/media\/1063"}],"wp:attachment":[{"href":"https:\/\/la-freelancerie.fr\/fr\/wp-json\/wp\/v2\/media?parent=1057"}],"wp:term":[{"taxonomy":"category","embeddable":true,"href":"https:\/\/la-freelancerie.fr\/fr\/wp-json\/wp\/v2\/categories?post=1057"},{"taxonomy":"post_tag","embeddable":true,"href":"https:\/\/la-freelancerie.fr\/fr\/wp-json\/wp\/v2\/tags?post=1057"}],"curies":[{"name":"wp","href":"https:\/\/api.w.org\/{rel}","templated":true}]}}